{"id":1159,"date":"2018-04-13T10:49:18","date_gmt":"2018-04-13T08:49:18","guid":{"rendered":"http:\/\/agora.xtec.cat\/ceip-torrebarona-castelldefels\/?p=1159"},"modified":"2018-04-20T09:23:09","modified_gmt":"2018-04-20T07:23:09","slug":"iv-trobada-descoles-verdes","status":"publish","type":"post","link":"https:\/\/agora.xtec.cat\/ceip-torrebarona-castelldefels\/portada\/iv-trobada-descoles-verdes\/","title":{"rendered":"IV TROBADA D&#8217;ESCOLES VERDES"},"content":{"rendered":"<div class=\"subtitolNoticia\"><\/div>\n<div class=\"subtitolNoticia\"><\/div>\n<div class=\"subtitolNoticia\" style=\"text-align: center;\">\u00a0 <a href=\"http:\/\/agora.xtec.cat\/ceip-torrebarona-castelldefels\/wp-content\/uploads\/usu1683\/2018\/04\/FullSizeRender-2.jpg\"><img loading=\"lazy\" decoding=\"async\" class=\"alignnone size-large wp-image-1160\" src=\"http:\/\/agora.xtec.cat\/ceip-torrebarona-castelldefels\/wp-content\/uploads\/usu1683\/2018\/04\/FullSizeRender-2-1024x822.jpg\" alt=\"\" width=\"1024\" height=\"822\" srcset=\"https:\/\/agora.xtec.cat\/ceip-torrebarona-castelldefels\/wp-content\/uploads\/usu1683\/2018\/04\/FullSizeRender-2-1024x822.jpg 1024w, https:\/\/agora.xtec.cat\/ceip-torrebarona-castelldefels\/wp-content\/uploads\/usu1683\/2018\/04\/FullSizeRender-2-300x241.jpg 300w, https:\/\/agora.xtec.cat\/ceip-torrebarona-castelldefels\/wp-content\/uploads\/usu1683\/2018\/04\/FullSizeRender-2-768x617.jpg 768w, https:\/\/agora.xtec.cat\/ceip-torrebarona-castelldefels\/wp-content\/uploads\/usu1683\/2018\/04\/FullSizeRender-2.jpg 1095w\" sizes=\"auto, (max-width: 1024px) 100vw, 1024px\" \/><\/a><\/div>\n<div class=\"caixaNoticiaCos\">\n<div class=\"blocColumna\">\n<div class=\"blocMarge\">\n<div class=\"textNoticia\">\n<p align=\"left\">El divendres 13 d&#8217;abril al Centre C\u00edvic Can Roca va tenir lloc la trobada\u00a0 d&#8217;Escoles Verdes de Castelldefels. Gaireb\u00e9 un centenar d&#8217;alumnes i professors\/es delegades i delegats ambientals de les Escoles Verdes de Castelldefels, es van donar cita a la trobada anual al Centre C\u00edvic Can Roca en aquesta ocasi\u00f3 sota el lema &#8220;La Biodiversitat en els nostres centres &#8220;.<\/p>\n<p>Aquesta trobada va tenir com a objectiu l&#8217;intercanvi d&#8217;experi\u00e8ncies entre alumnes que tenen responsabilitats i compromisos especials dins dels projectes de l&#8217;Escola Verda dels seus respectius centres. Compartir la diversitat que els alumnes han trobat en els seus patis; valorar les propostes per augmentar la biodiversitat en els centres escolars i que els alumnes compartissin la visi\u00f3 del futur de la biodiversitat en els seus centres i com escoles afavorir-des del projecte d&#8217;Escola Verda.<\/p>\n<p>En els dies previs a la trobada els participants han hagut de realitzar fotografies dels \u00e9ssers vius que han trobat en els patis de les seves escoles, tant plantes, com animals. En la sessi\u00f3 es va compartir l&#8217;estat de la diversitat en els centres escolars a trav\u00e9s d&#8217;uns Biodiversiquadres que s&#8217;han realitzat amb totes les fotografies presentades.<\/p>\n<p>La segona part de la jornada va estar dedicada a la formaci\u00f3 d&#8217;equips cooperatius d&#8217;alumnes de diferents escoles i edats. A continuaci\u00f3 es van crear 4 tallers diferents per millorar la diversitat en els centres escolars:<\/p>\n<p>1. Construcci\u00f3 d&#8217;un hotel d&#8217;insectes<\/p>\n<p>2. Construcci\u00f3 de caixes-niu<\/p>\n<p>3. Planificaci\u00f3 d&#8217;un jard\u00ed de papallones<\/p>\n<p>4. Construcci\u00f3 de menjadors<\/p>\n<p>La jornada va concloure amb la visita del regidor de Medi Ambient, <strong>Ramon Morera<\/strong> (Movem), que va felicitar als escolars pel treball realitzat i els va animar a continuar treballant i estendre el seu esperit de lluita en defensa del medi ambient a Castelldefels i a la resta del planeta.<\/p>\n<\/div>\n<\/div>\n<\/div>\n<\/div>\n","protected":false},"excerpt":{"rendered":"<p>\u00a0 El divendres 13 d&#8217;abril al Centre C\u00edvic Can Roca va tenir lloc la trobada\u00a0 d&#8217;Escoles Verdes de Castelldefels. Gaireb\u00e9 un centenar d&#8217;alumnes i professors\/es delegades i delegats ambientals de les Escoles Verdes de Castelldefels, es van donar cita a la trobada anual al Centre C\u00edvic Can Roca en aquesta ocasi\u00f3 sota el lema &#8220;La [&hellip;]<\/p>\n","protected":false},"author":1,"featured_media":1160,"comment_status":"closed","ping_status":"closed","sticky":false,"template":"","format":"standard","meta":{"_bbp_topic_count":0,"_bbp_reply_count":0,"_bbp_total_topic_count":0,"_bbp_total_reply_count":0,"_bbp_voice_count":0,"_bbp_anonymous_reply_count":0,"_bbp_topic_count_hidden":0,"_bbp_reply_count_hidden":0,"_bbp_forum_subforum_count":0,"site-sidebar-layout":"default","site-content-layout":"","ast-site-content-layout":"","site-content-style":"default","site-sidebar-style":"default","ast-global-header-display":"","ast-banner-title-visibility":"","ast-main-header-display":"","ast-hfb-above-header-display":"","ast-hfb-below-header-display":"","ast-hfb-mobile-header-display":"","site-post-title":"","ast-breadcrumbs-content":"","ast-featured-img":"","footer-sml-layout":"","theme-transparent-header-meta":"","adv-header-id-meta":"","stick-header-meta":"","header-above-stick-meta":"","header-main-stick-meta":"","header-below-stick-meta":"","astra-migrate-meta-layouts":"default","ast-page-background-enabled":"default","ast-page-background-meta":{"desktop":{"background-color":"var(--ast-global-color-4)","background-image":"","background-repeat":"repeat","background-position":"center center","background-size":"auto","background-attachment":"scroll","background-type":"","background-media":"","overlay-type":"","overlay-color":"","overlay-opacity":"","overlay-gradient":""},"tablet":{"background-color":"","background-image":"","background-repeat":"repeat","background-position":"center center","background-size":"auto","background-attachment":"scroll","background-type":"","background-media":"","overlay-type":"","overlay-color":"","overlay-opacity":"","overlay-gradient":""},"mobile":{"background-color":"","background-image":"","background-repeat":"repeat","background-position":"center center","background-size":"auto","background-attachment":"scroll","background-type":"","background-media":"","overlay-type":"","overlay-color":"","overlay-opacity":"","overlay-gradient":""}},"ast-content-background-meta":{"desktop":{"background-color":"var(--ast-global-color-5)","background-image":"","background-repeat":"repeat","background-position":"center center","background-size":"auto","background-attachment":"scroll","background-type":"","background-media":"","overlay-type":"","overlay-color":"","overlay-opacity":"","overlay-gradient":""},"tablet":{"background-color":"var(--ast-global-color-5)","background-image":"","background-repeat":"repeat","background-position":"center center","background-size":"auto","background-attachment":"scroll","background-type":"","background-media":"","overlay-type":"","overlay-color":"","overlay-opacity":"","overlay-gradient":""},"mobile":{"background-color":"var(--ast-global-color-5)","background-image":"","background-repeat":"repeat","background-position":"center center","background-size":"auto","background-attachment":"scroll","background-type":"","background-media":"","overlay-type":"","overlay-color":"","overlay-opacity":"","overlay-gradient":""}},"footnotes":""},"categories":[4],"tags":[],"class_list":["post-1159","post","type-post","status-publish","format-standard","has-post-thumbnail","hentry","category-portada"],"post_mailing_queue_ids":[],"_links":{"self":[{"href":"https:\/\/agora.xtec.cat\/ceip-torrebarona-castelldefels\/wp-json\/wp\/v2\/posts\/1159","targetHints":{"allow":["GET"]}}],"collection":[{"href":"https:\/\/agora.xtec.cat\/ceip-torrebarona-castelldefels\/wp-json\/wp\/v2\/posts"}],"about":[{"href":"https:\/\/agora.xtec.cat\/ceip-torrebarona-castelldefels\/wp-json\/wp\/v2\/types\/post"}],"author":[{"embeddable":true,"href":"https:\/\/agora.xtec.cat\/ceip-torrebarona-castelldefels\/wp-json\/wp\/v2\/users\/1"}],"replies":[{"embeddable":true,"href":"https:\/\/agora.xtec.cat\/ceip-torrebarona-castelldefels\/wp-json\/wp\/v2\/comments?post=1159"}],"version-history":[{"count":1,"href":"https:\/\/agora.xtec.cat\/ceip-torrebarona-castelldefels\/wp-json\/wp\/v2\/posts\/1159\/revisions"}],"predecessor-version":[{"id":1161,"href":"https:\/\/agora.xtec.cat\/ceip-torrebarona-castelldefels\/wp-json\/wp\/v2\/posts\/1159\/revisions\/1161"}],"wp:featuredmedia":[{"embeddable":true,"href":"https:\/\/agora.xtec.cat\/ceip-torrebarona-castelldefels\/wp-json\/wp\/v2\/media\/1160"}],"wp:attachment":[{"href":"https:\/\/agora.xtec.cat\/ceip-torrebarona-castelldefels\/wp-json\/wp\/v2\/media?parent=1159"}],"wp:term":[{"taxonomy":"category","embeddable":true,"href":"https:\/\/agora.xtec.cat\/ceip-torrebarona-castelldefels\/wp-json\/wp\/v2\/categories?post=1159"},{"taxonomy":"post_tag","embeddable":true,"href":"https:\/\/agora.xtec.cat\/ceip-torrebarona-castelldefels\/wp-json\/wp\/v2\/tags?post=1159"}],"curies":[{"name":"wp","href":"https:\/\/api.w.org\/{rel}","templated":true}]}}