{"id":989,"date":"2017-03-30T22:12:40","date_gmt":"2017-03-30T20:12:40","guid":{"rendered":"http:\/\/agora.xtec.cat\/ceip-torre-llauder-mataro\/?p=989"},"modified":"2017-03-30T22:12:40","modified_gmt":"2017-03-30T20:12:40","slug":"pasta-de-sal-ii","status":"publish","type":"post","link":"https:\/\/agora.xtec.cat\/ceip-torre-llauder-mataro\/infantil\/i5\/pasta-de-sal-ii\/","title":{"rendered":"PASTA DE SAL II"},"content":{"rendered":"<p>Un cop secs els aneguets que vam realitzar a la sessi\u00f3 anterior ens hem dedicat a preparar-los un bon habitat: un llac tot de color blau per tal que es sentin com a casa. Despr\u00e9s hem pogut pescar els \u00e0necs gr\u00e0cies a la canya i al clip que els vam col.locar. Ens ho hem passat molt b\u00e9 i hem millorat molt la t\u00e8cnica, primer ens ha costat molt i poca poc ho anavem fent millor.\u00a0 D&#8217;aqu\u00ed uns dies els nens\/es s&#8217;ho enduran a casa i podreu jugar, si us animeu a fer m\u00e9s \u00e0necs pot ser molt divertit!!<\/p>\n<p><a href=\"https:\/\/goo.gl\/photos\/Yu37z3GnGVSJFxAh9\">https:\/\/goo.gl\/photos\/Yu37z3GnGVSJFxAh9<\/a><\/p>\n<p>&nbsp;<\/p>\n","protected":false},"excerpt":{"rendered":"<p>Un cop secs els aneguets que vam realitzar a la sessi\u00f3 anterior ens hem dedicat a preparar-los un bon habitat: un llac tot de color blau per tal que es sentin com a casa. Despr\u00e9s hem pogut pescar els \u00e0necs gr\u00e0cies a la canya i&hellip;  <a href=\"https:\/\/agora.xtec.cat\/ceip-torre-llauder-mataro\/infantil\/i5\/pasta-de-sal-ii\/\" title=\"Read PASTA DE SAL II\">Llegeix m\u00e9s\u00bb<\/a><\/p>\n","protected":false},"author":21,"featured_media":0,"comment_status":"open","ping_status":"open","sticky":false,"template":"","format":"standard","meta":{"_bbp_topic_count":0,"_bbp_reply_count":0,"_bbp_total_topic_count":0,"_bbp_total_reply_count":0,"_bbp_voice_count":0,"_bbp_anonymous_reply_count":0,"_bbp_topic_count_hidden":0,"_bbp_reply_count_hidden":0,"_bbp_forum_subforum_count":0,"footnotes":""},"categories":[8],"tags":[],"class_list":["post-989","post","type-post","status-publish","format-standard","hentry","category-i5"],"post_mailing_queue_ids":[],"_links":{"self":[{"href":"https:\/\/agora.xtec.cat\/ceip-torre-llauder-mataro\/wp-json\/wp\/v2\/posts\/989","targetHints":{"allow":["GET"]}}],"collection":[{"href":"https:\/\/agora.xtec.cat\/ceip-torre-llauder-mataro\/wp-json\/wp\/v2\/posts"}],"about":[{"href":"https:\/\/agora.xtec.cat\/ceip-torre-llauder-mataro\/wp-json\/wp\/v2\/types\/post"}],"author":[{"embeddable":true,"href":"https:\/\/agora.xtec.cat\/ceip-torre-llauder-mataro\/wp-json\/wp\/v2\/users\/21"}],"replies":[{"embeddable":true,"href":"https:\/\/agora.xtec.cat\/ceip-torre-llauder-mataro\/wp-json\/wp\/v2\/comments?post=989"}],"version-history":[{"count":1,"href":"https:\/\/agora.xtec.cat\/ceip-torre-llauder-mataro\/wp-json\/wp\/v2\/posts\/989\/revisions"}],"predecessor-version":[{"id":990,"href":"https:\/\/agora.xtec.cat\/ceip-torre-llauder-mataro\/wp-json\/wp\/v2\/posts\/989\/revisions\/990"}],"wp:attachment":[{"href":"https:\/\/agora.xtec.cat\/ceip-torre-llauder-mataro\/wp-json\/wp\/v2\/media?parent=989"}],"wp:term":[{"taxonomy":"category","embeddable":true,"href":"https:\/\/agora.xtec.cat\/ceip-torre-llauder-mataro\/wp-json\/wp\/v2\/categories?post=989"},{"taxonomy":"post_tag","embeddable":true,"href":"https:\/\/agora.xtec.cat\/ceip-torre-llauder-mataro\/wp-json\/wp\/v2\/tags?post=989"}],"curies":[{"name":"wp","href":"https:\/\/api.w.org\/{rel}","templated":true}]}}