{"id":984,"date":"2017-03-09T08:18:08","date_gmt":"2017-03-09T07:18:08","guid":{"rendered":"http:\/\/agora.xtec.cat\/ceip-torre-llauder-mataro\/?p=984"},"modified":"2017-03-10T00:45:09","modified_gmt":"2017-03-09T23:45:09","slug":"sessio-de-desdoblament","status":"publish","type":"post","link":"https:\/\/agora.xtec.cat\/ceip-torre-llauder-mataro\/infantil\/i5\/sessio-de-desdoblament\/","title":{"rendered":"SESSI\u00d3 DE DESDOBLAMENT"},"content":{"rendered":"<p>A la sessi\u00f3 d&#8217;avui de desdoblament (febrer 2017) hem fet servir la pl\u00e0stica per treballar conceptes matem\u00e0tics i de llengua. Un grup treballava l&#8217;autor Kandinsky per tal de realitzar cercles conc\u00e8ntrics de colors. L&#8217;altre grup descrivia una imatge d&#8217;hivern i en buscava les difer\u00e8ncies entre dues imatges, per acabar han pintat una de les imatges amb aquerel.les. Ja veieu que propostes aparentment senzilles inclouen molt conceptes (formes, colors, coordinaci\u00f3, adonar-se de les difer\u00e8ncies, vocabulari i orientaci\u00f3 espaial, a m\u00e9s sense oblidar les destresses pl\u00e0stiques i les de treball). A l&#8217;espera de pujar-ne m\u00e9s, us ensenyem algunes fotos:<\/p>\n<p><a href=\"https:\/\/goo.gl\/photos\/vRHhrcDiMwTLAk4o7\">https:\/\/goo.gl\/photos\/vRHhrcDiMwTLAk4o7<\/a><\/p>\n<p>&nbsp;<\/p>\n","protected":false},"excerpt":{"rendered":"<p>A la sessi\u00f3 d&#8217;avui de desdoblament (febrer 2017) hem fet servir la pl\u00e0stica per treballar conceptes matem\u00e0tics i de llengua. Un grup treballava l&#8217;autor Kandinsky per tal de realitzar cercles conc\u00e8ntrics de colors. L&#8217;altre grup descrivia una imatge d&#8217;hivern i en buscava les difer\u00e8ncies entre&hellip;  <a href=\"https:\/\/agora.xtec.cat\/ceip-torre-llauder-mataro\/infantil\/i5\/sessio-de-desdoblament\/\" title=\"Read SESSI\u00d3 DE DESDOBLAMENT\">Llegeix m\u00e9s\u00bb<\/a><\/p>\n","protected":false},"author":21,"featured_media":0,"comment_status":"open","ping_status":"open","sticky":false,"template":"","format":"standard","meta":{"_bbp_topic_count":0,"_bbp_reply_count":0,"_bbp_total_topic_count":0,"_bbp_total_reply_count":0,"_bbp_voice_count":0,"_bbp_anonymous_reply_count":0,"_bbp_topic_count_hidden":0,"_bbp_reply_count_hidden":0,"_bbp_forum_subforum_count":0,"footnotes":""},"categories":[8],"tags":[],"class_list":["post-984","post","type-post","status-publish","format-standard","hentry","category-i5"],"post_mailing_queue_ids":[],"_links":{"self":[{"href":"https:\/\/agora.xtec.cat\/ceip-torre-llauder-mataro\/wp-json\/wp\/v2\/posts\/984","targetHints":{"allow":["GET"]}}],"collection":[{"href":"https:\/\/agora.xtec.cat\/ceip-torre-llauder-mataro\/wp-json\/wp\/v2\/posts"}],"about":[{"href":"https:\/\/agora.xtec.cat\/ceip-torre-llauder-mataro\/wp-json\/wp\/v2\/types\/post"}],"author":[{"embeddable":true,"href":"https:\/\/agora.xtec.cat\/ceip-torre-llauder-mataro\/wp-json\/wp\/v2\/users\/21"}],"replies":[{"embeddable":true,"href":"https:\/\/agora.xtec.cat\/ceip-torre-llauder-mataro\/wp-json\/wp\/v2\/comments?post=984"}],"version-history":[{"count":3,"href":"https:\/\/agora.xtec.cat\/ceip-torre-llauder-mataro\/wp-json\/wp\/v2\/posts\/984\/revisions"}],"predecessor-version":[{"id":987,"href":"https:\/\/agora.xtec.cat\/ceip-torre-llauder-mataro\/wp-json\/wp\/v2\/posts\/984\/revisions\/987"}],"wp:attachment":[{"href":"https:\/\/agora.xtec.cat\/ceip-torre-llauder-mataro\/wp-json\/wp\/v2\/media?parent=984"}],"wp:term":[{"taxonomy":"category","embeddable":true,"href":"https:\/\/agora.xtec.cat\/ceip-torre-llauder-mataro\/wp-json\/wp\/v2\/categories?post=984"},{"taxonomy":"post_tag","embeddable":true,"href":"https:\/\/agora.xtec.cat\/ceip-torre-llauder-mataro\/wp-json\/wp\/v2\/tags?post=984"}],"curies":[{"name":"wp","href":"https:\/\/api.w.org\/{rel}","templated":true}]}}