{"id":959,"date":"2017-03-02T21:54:00","date_gmt":"2017-03-02T20:54:00","guid":{"rendered":"http:\/\/agora.xtec.cat\/ceip-torre-llauder-mataro\/?p=959"},"modified":"2017-03-02T21:54:00","modified_gmt":"2017-03-02T20:54:00","slug":"pasta-de-sal","status":"publish","type":"post","link":"https:\/\/agora.xtec.cat\/ceip-torre-llauder-mataro\/infantil\/i5\/pasta-de-sal\/","title":{"rendered":"PASTA DE SAL"},"content":{"rendered":"<p>Us deixem les fotos de la primera sessi\u00f3 de la PASTA DE SAL que hem fet a l&#8217;aula. Avui la Merc\u00e8 ens ha preparat una nova recepta: farina, sal i una mica d&#8217;aigua. Aquest cop l&#8217;aigua ben especial ja que gr\u00e0cies a un colorant \u00e9s de color groc. Remenem i remenem, ens empastifem una miqueta i poc a poc la pasta va agafant la textura que ens interessa per fer una boleta. Li donem forma i&#8230; ja tenim un \u00e0nec!!! Per fer un joc m\u00e9s endavant (quan la pasta estigui seca) hem enganxat un clip a l&#8217;esquena de l&#8217;\u00e0nec!! Ja veureu, ja, que farem en la propera sessi\u00f3.<\/p>\n<p><a href=\"https:\/\/goo.gl\/photos\/J1i7cVQf17UkozKHA\">https:\/\/goo.gl\/photos\/J1i7cVQf17UkozKHA<\/a><\/p>\n","protected":false},"excerpt":{"rendered":"<p>Us deixem les fotos de la primera sessi\u00f3 de la PASTA DE SAL que hem fet a l&#8217;aula. Avui la Merc\u00e8 ens ha preparat una nova recepta: farina, sal i una mica d&#8217;aigua. Aquest cop l&#8217;aigua ben especial ja que gr\u00e0cies a un colorant \u00e9s&hellip;  <a href=\"https:\/\/agora.xtec.cat\/ceip-torre-llauder-mataro\/infantil\/i5\/pasta-de-sal\/\" title=\"Read PASTA DE SAL\">Llegeix m\u00e9s\u00bb<\/a><\/p>\n","protected":false},"author":21,"featured_media":0,"comment_status":"open","ping_status":"open","sticky":false,"template":"","format":"standard","meta":{"_bbp_topic_count":0,"_bbp_reply_count":0,"_bbp_total_topic_count":0,"_bbp_total_reply_count":0,"_bbp_voice_count":0,"_bbp_anonymous_reply_count":0,"_bbp_topic_count_hidden":0,"_bbp_reply_count_hidden":0,"_bbp_forum_subforum_count":0,"footnotes":""},"categories":[8],"tags":[],"class_list":["post-959","post","type-post","status-publish","format-standard","hentry","category-i5"],"post_mailing_queue_ids":[],"_links":{"self":[{"href":"https:\/\/agora.xtec.cat\/ceip-torre-llauder-mataro\/wp-json\/wp\/v2\/posts\/959","targetHints":{"allow":["GET"]}}],"collection":[{"href":"https:\/\/agora.xtec.cat\/ceip-torre-llauder-mataro\/wp-json\/wp\/v2\/posts"}],"about":[{"href":"https:\/\/agora.xtec.cat\/ceip-torre-llauder-mataro\/wp-json\/wp\/v2\/types\/post"}],"author":[{"embeddable":true,"href":"https:\/\/agora.xtec.cat\/ceip-torre-llauder-mataro\/wp-json\/wp\/v2\/users\/21"}],"replies":[{"embeddable":true,"href":"https:\/\/agora.xtec.cat\/ceip-torre-llauder-mataro\/wp-json\/wp\/v2\/comments?post=959"}],"version-history":[{"count":1,"href":"https:\/\/agora.xtec.cat\/ceip-torre-llauder-mataro\/wp-json\/wp\/v2\/posts\/959\/revisions"}],"predecessor-version":[{"id":960,"href":"https:\/\/agora.xtec.cat\/ceip-torre-llauder-mataro\/wp-json\/wp\/v2\/posts\/959\/revisions\/960"}],"wp:attachment":[{"href":"https:\/\/agora.xtec.cat\/ceip-torre-llauder-mataro\/wp-json\/wp\/v2\/media?parent=959"}],"wp:term":[{"taxonomy":"category","embeddable":true,"href":"https:\/\/agora.xtec.cat\/ceip-torre-llauder-mataro\/wp-json\/wp\/v2\/categories?post=959"},{"taxonomy":"post_tag","embeddable":true,"href":"https:\/\/agora.xtec.cat\/ceip-torre-llauder-mataro\/wp-json\/wp\/v2\/tags?post=959"}],"curies":[{"name":"wp","href":"https:\/\/api.w.org\/{rel}","templated":true}]}}