{"id":952,"date":"2017-03-01T22:54:07","date_gmt":"2017-03-01T21:54:07","guid":{"rendered":"http:\/\/agora.xtec.cat\/ceip-torre-llauder-mataro\/?p=952"},"modified":"2017-03-02T21:41:46","modified_gmt":"2017-03-02T20:41:46","slug":"setmana-de-carnaval","status":"publish","type":"post","link":"https:\/\/agora.xtec.cat\/ceip-torre-llauder-mataro\/infantil\/setmana-de-carnaval\/","title":{"rendered":"SETMANA DE CARNAVAL + M.Ch"},"content":{"rendered":"<p>En aquest article podreu veure algunes fotos dels nens i nenes de P4 seguint les ordres d&#8217;en Carnestoltes. I tamb\u00e9 del dia de la truita. Que b\u00e9 que ho hem passat!!!<\/p>\n<p><a href=\"https:\/\/goo.gl\/photos\/RU1Jr3ec2CwRFynG9\">https:\/\/goo.gl\/photos\/RU1Jr3ec2CwRFynG9<\/a><\/p>\n<p>i a m\u00e9s a m\u00e9s, el mannequin challenge del dia dels superherois i superhero\u00efnes!!<\/p>\n<p><a href=\"https:\/\/youtu.be\/m_IdHTBLZIg\">https:\/\/youtu.be\/m_IdHTBLZIg<\/a><\/p>\n","protected":false},"excerpt":{"rendered":"<p>En aquest article podreu veure algunes fotos dels nens i nenes de P4 seguint les ordres d&#8217;en Carnestoltes. I tamb\u00e9 del dia de la truita. Que b\u00e9 que ho hem passat!!!<br \/>\n<a href=\"https:\/\/goo.gl\/photos\/RU1Jr3ec2CwRFynG9\">https:\/\/goo.gl\/photos\/RU1Jr3ec2CwRFynG9<\/a><br \/>\ni a m\u00e9s a m\u00e9s, el mannequin challenge del dia dels superherois i superhero\u00efnes!!<br \/>\n<a&hellip;  <a href=\"https:\/\/agora.xtec.cat\/ceip-torre-llauder-mataro\/infantil\/setmana-de-carnaval\/\" title=\"Read SETMANA DE CARNAVAL + M.Ch\">Llegeix m\u00e9s\u00bb<\/a><\/p>\n","protected":false},"author":21,"featured_media":0,"comment_status":"open","ping_status":"open","sticky":false,"template":"","format":"standard","meta":{"_bbp_topic_count":0,"_bbp_reply_count":0,"_bbp_total_topic_count":0,"_bbp_total_reply_count":0,"_bbp_voice_count":0,"_bbp_anonymous_reply_count":0,"_bbp_topic_count_hidden":0,"_bbp_reply_count_hidden":0,"_bbp_forum_subforum_count":0,"footnotes":""},"categories":[8,2],"tags":[],"class_list":["post-952","post","type-post","status-publish","format-standard","hentry","category-i5","category-infantil"],"post_mailing_queue_ids":[],"_links":{"self":[{"href":"https:\/\/agora.xtec.cat\/ceip-torre-llauder-mataro\/wp-json\/wp\/v2\/posts\/952","targetHints":{"allow":["GET"]}}],"collection":[{"href":"https:\/\/agora.xtec.cat\/ceip-torre-llauder-mataro\/wp-json\/wp\/v2\/posts"}],"about":[{"href":"https:\/\/agora.xtec.cat\/ceip-torre-llauder-mataro\/wp-json\/wp\/v2\/types\/post"}],"author":[{"embeddable":true,"href":"https:\/\/agora.xtec.cat\/ceip-torre-llauder-mataro\/wp-json\/wp\/v2\/users\/21"}],"replies":[{"embeddable":true,"href":"https:\/\/agora.xtec.cat\/ceip-torre-llauder-mataro\/wp-json\/wp\/v2\/comments?post=952"}],"version-history":[{"count":3,"href":"https:\/\/agora.xtec.cat\/ceip-torre-llauder-mataro\/wp-json\/wp\/v2\/posts\/952\/revisions"}],"predecessor-version":[{"id":956,"href":"https:\/\/agora.xtec.cat\/ceip-torre-llauder-mataro\/wp-json\/wp\/v2\/posts\/952\/revisions\/956"}],"wp:attachment":[{"href":"https:\/\/agora.xtec.cat\/ceip-torre-llauder-mataro\/wp-json\/wp\/v2\/media?parent=952"}],"wp:term":[{"taxonomy":"category","embeddable":true,"href":"https:\/\/agora.xtec.cat\/ceip-torre-llauder-mataro\/wp-json\/wp\/v2\/categories?post=952"},{"taxonomy":"post_tag","embeddable":true,"href":"https:\/\/agora.xtec.cat\/ceip-torre-llauder-mataro\/wp-json\/wp\/v2\/tags?post=952"}],"curies":[{"name":"wp","href":"https:\/\/api.w.org\/{rel}","templated":true}]}}