{"id":914,"date":"2017-02-25T16:14:13","date_gmt":"2017-02-25T15:14:13","guid":{"rendered":"http:\/\/agora.xtec.cat\/ceip-torre-llauder-mataro\/?p=914"},"modified":"2017-02-25T18:47:29","modified_gmt":"2017-02-25T17:47:29","slug":"consell-dinfants-iv-sessio","status":"publish","type":"post","link":"https:\/\/agora.xtec.cat\/ceip-torre-llauder-mataro\/general\/consell-dinfants-iv-sessio\/","title":{"rendered":"Consell d&#8217;Infants. IV Sessi\u00f3"},"content":{"rendered":"<p>El passat 13 de febrer el Consell d&#8217;Infants es va tornar a reunir amb l&#8217;objectiu de compartir les propostes d&#8217;acci\u00f3 per la campanya que aquest curs s&#8217;est\u00e0 treballant.<\/p>\n<p>A la sessi\u00f3 anterior es va demanar als representants de les escoles que fessin un recull de propostes per dur-les a terme a tota la ciutat i presentar-les al Consell d&#8217;Infants per, despr\u00e9s fer una votaci\u00f3 conjunta.<\/p>\n<p>Entre les idees que van sortir trobem:<\/p>\n<p>&#8211; Fer coses a m\u00e0, samarretes o polseres i vendre-les a paradetes i donar dinar a una ONG.<br \/>\n&#8211; Fer festes ben\u00e8fiques i donar els diners a una ONG.<br \/>\n&#8211; Recollida d&#8217;aliments.<br \/>\n&#8211; Preguntar a una ONG qu\u00e8 fan, qu\u00e8 es pot fer.<br \/>\n&#8211; Fer una obra de teatre.<br \/>\n&#8211; Fer maratons o marxes solid\u00e0ries per recollir diners i donar-los a persones pobres o ONG.<br \/>\n&#8211; &#8230;<\/p>\n<p>Finalment, despr\u00e9s de la votaci\u00f3, la proposta guanyadora va ser la seg\u00fcent: <em>Fer maratons o marxes solid\u00e0ries per recollir diners i donar-los a persones pobres o ONG.<\/em><\/p>\n<p>Per tal de comen\u00e7ar a organitzar-ho tot, es realitzar\u00e0 una sessi\u00f3 extraordin\u00e0ria el proper <strong>4 de mar\u00e7 a CC Cabot i Barba.<\/strong><\/p>\n<p>Per acaba aquesta sessi\u00f3, van poder veure com funcionen altres Consells d&#8217;Infants i Adolescents de Catalunya com:<\/p>\n<p>&#8211; Consell d&#8217;infants de Cerdanyola del Vall\u00e9s.<br \/>\n&#8211; Consell d&#8217;infants de Badalona.<br \/>\n&#8211; Consell d&#8217;infants i adolescents de l&#8217;Hospitalet del Llobregat.<br \/>\n&#8211; Consell d&#8217;infants i adolescents Sant Boi del Llobregat.<br \/>\n&#8211; Consell d&#8217;infants i adolescents de Rub\u00ed.<\/p>\n","protected":false},"excerpt":{"rendered":"<p>El passat 13 de febrer el Consell d&#8217;Infants es va tornar a reunir amb l&#8217;objectiu de compartir les propostes d&#8217;acci\u00f3 per la campanya que aquest curs s&#8217;est\u00e0 treballant.<br \/>\nA la sessi\u00f3 anterior es va demanar als representants de les escoles que fessin un recull de propostes&hellip;  <a href=\"https:\/\/agora.xtec.cat\/ceip-torre-llauder-mataro\/general\/consell-dinfants-iv-sessio\/\" title=\"Read Consell d&#8217;Infants. IV Sessi\u00f3\">Llegeix m\u00e9s\u00bb<\/a><\/p>\n","protected":false},"author":1,"featured_media":0,"comment_status":"open","ping_status":"open","sticky":false,"template":"","format":"standard","meta":{"_bbp_topic_count":0,"_bbp_reply_count":0,"_bbp_total_topic_count":0,"_bbp_total_reply_count":0,"_bbp_voice_count":0,"_bbp_anonymous_reply_count":0,"_bbp_topic_count_hidden":0,"_bbp_reply_count_hidden":0,"_bbp_forum_subforum_count":0,"footnotes":""},"categories":[14,1,4,5,15],"tags":[],"class_list":["post-914","post","type-post","status-publish","format-standard","hentry","category-6e","category-general","category-portada","category-primaria","category-promocio-2009-2018"],"post_mailing_queue_ids":[],"_links":{"self":[{"href":"https:\/\/agora.xtec.cat\/ceip-torre-llauder-mataro\/wp-json\/wp\/v2\/posts\/914","targetHints":{"allow":["GET"]}}],"collection":[{"href":"https:\/\/agora.xtec.cat\/ceip-torre-llauder-mataro\/wp-json\/wp\/v2\/posts"}],"about":[{"href":"https:\/\/agora.xtec.cat\/ceip-torre-llauder-mataro\/wp-json\/wp\/v2\/types\/post"}],"author":[{"embeddable":true,"href":"https:\/\/agora.xtec.cat\/ceip-torre-llauder-mataro\/wp-json\/wp\/v2\/users\/1"}],"replies":[{"embeddable":true,"href":"https:\/\/agora.xtec.cat\/ceip-torre-llauder-mataro\/wp-json\/wp\/v2\/comments?post=914"}],"version-history":[{"count":1,"href":"https:\/\/agora.xtec.cat\/ceip-torre-llauder-mataro\/wp-json\/wp\/v2\/posts\/914\/revisions"}],"predecessor-version":[{"id":915,"href":"https:\/\/agora.xtec.cat\/ceip-torre-llauder-mataro\/wp-json\/wp\/v2\/posts\/914\/revisions\/915"}],"wp:attachment":[{"href":"https:\/\/agora.xtec.cat\/ceip-torre-llauder-mataro\/wp-json\/wp\/v2\/media?parent=914"}],"wp:term":[{"taxonomy":"category","embeddable":true,"href":"https:\/\/agora.xtec.cat\/ceip-torre-llauder-mataro\/wp-json\/wp\/v2\/categories?post=914"},{"taxonomy":"post_tag","embeddable":true,"href":"https:\/\/agora.xtec.cat\/ceip-torre-llauder-mataro\/wp-json\/wp\/v2\/tags?post=914"}],"curies":[{"name":"wp","href":"https:\/\/api.w.org\/{rel}","templated":true}]}}