{"id":890,"date":"2017-02-09T11:17:33","date_gmt":"2017-02-09T10:17:33","guid":{"rendered":"http:\/\/agora.xtec.cat\/ceip-torre-llauder-mataro\/?p=890"},"modified":"2017-02-09T11:17:33","modified_gmt":"2017-02-09T10:17:33","slug":"numero-1","status":"publish","type":"post","link":"https:\/\/agora.xtec.cat\/ceip-torre-llauder-mataro\/infantil\/i4\/numero-1\/","title":{"rendered":"N\u00daMERO 1"},"content":{"rendered":"<p>Aquesta vegada coneixem el n\u00famero 1 a trav\u00e8s de la manipulaci\u00f3 i la motricitat fina amb farina, cola cao, coco, pintura&#8230; hem anat fent el tra\u00e7 del n\u00famero 1 en safates i despr\u00e9s l&#8217;hem deixat plasmat en un paper per recodar aquesta activitat.<\/p>\n<p><a href=\"https:\/\/goo.gl\/photos\/gM8kwMGFHcZs5yyw8\">https:\/\/goo.gl\/photos\/gM8kwMGFHcZs5yyw8<\/a><\/p>\n","protected":false},"excerpt":{"rendered":"<p>Aquesta vegada coneixem el n\u00famero 1 a trav\u00e8s de la manipulaci\u00f3 i la motricitat fina amb farina, cola cao, coco, pintura&#8230; hem anat fent el tra\u00e7 del n\u00famero 1 en safates i despr\u00e9s l&#8217;hem deixat plasmat en un paper per recodar aquesta activitat.<br \/>\n<a href=\"https:\/\/goo.gl\/photos\/gM8kwMGFHcZs5yyw8\">https:\/\/goo.gl\/photos\/gM8kwMGFHcZs5yyw8<\/a><\/p>\n","protected":false},"author":7,"featured_media":0,"comment_status":"open","ping_status":"open","sticky":false,"template":"","format":"standard","meta":{"_bbp_topic_count":0,"_bbp_reply_count":0,"_bbp_total_topic_count":0,"_bbp_total_reply_count":0,"_bbp_voice_count":0,"_bbp_anonymous_reply_count":0,"_bbp_topic_count_hidden":0,"_bbp_reply_count_hidden":0,"_bbp_forum_subforum_count":0,"footnotes":""},"categories":[3],"tags":[],"class_list":["post-890","post","type-post","status-publish","format-standard","hentry","category-i4"],"post_mailing_queue_ids":[],"_links":{"self":[{"href":"https:\/\/agora.xtec.cat\/ceip-torre-llauder-mataro\/wp-json\/wp\/v2\/posts\/890","targetHints":{"allow":["GET"]}}],"collection":[{"href":"https:\/\/agora.xtec.cat\/ceip-torre-llauder-mataro\/wp-json\/wp\/v2\/posts"}],"about":[{"href":"https:\/\/agora.xtec.cat\/ceip-torre-llauder-mataro\/wp-json\/wp\/v2\/types\/post"}],"author":[{"embeddable":true,"href":"https:\/\/agora.xtec.cat\/ceip-torre-llauder-mataro\/wp-json\/wp\/v2\/users\/7"}],"replies":[{"embeddable":true,"href":"https:\/\/agora.xtec.cat\/ceip-torre-llauder-mataro\/wp-json\/wp\/v2\/comments?post=890"}],"version-history":[{"count":1,"href":"https:\/\/agora.xtec.cat\/ceip-torre-llauder-mataro\/wp-json\/wp\/v2\/posts\/890\/revisions"}],"predecessor-version":[{"id":891,"href":"https:\/\/agora.xtec.cat\/ceip-torre-llauder-mataro\/wp-json\/wp\/v2\/posts\/890\/revisions\/891"}],"wp:attachment":[{"href":"https:\/\/agora.xtec.cat\/ceip-torre-llauder-mataro\/wp-json\/wp\/v2\/media?parent=890"}],"wp:term":[{"taxonomy":"category","embeddable":true,"href":"https:\/\/agora.xtec.cat\/ceip-torre-llauder-mataro\/wp-json\/wp\/v2\/categories?post=890"},{"taxonomy":"post_tag","embeddable":true,"href":"https:\/\/agora.xtec.cat\/ceip-torre-llauder-mataro\/wp-json\/wp\/v2\/tags?post=890"}],"curies":[{"name":"wp","href":"https:\/\/api.w.org\/{rel}","templated":true}]}}