{"id":882,"date":"2017-02-09T11:02:31","date_gmt":"2017-02-09T10:02:31","guid":{"rendered":"http:\/\/agora.xtec.cat\/ceip-torre-llauder-mataro\/?p=882"},"modified":"2017-02-09T11:03:06","modified_gmt":"2017-02-09T10:03:06","slug":"llarg-i-curt","status":"publish","type":"post","link":"https:\/\/agora.xtec.cat\/ceip-torre-llauder-mataro\/primaria\/1r\/llarg-i-curt\/","title":{"rendered":"LLARG I CURT"},"content":{"rendered":"<p>Per continuar assimilant alguns conceptes, practiquem amb el llarg i curt. Busquem objectes que siguin llargs i curts, fem l\u00ednies a la pissarra i per \u00faltim fer un super mural enganxant tires de paper m\u00e9s llargues i m\u00e9s curtes. Ho hem passat molt b\u00e9.<\/p>\n<p><a href=\"https:\/\/goo.gl\/photos\/Navn29AoU9J2YGvy6\">https:\/\/goo.gl\/photos\/Navn29AoU9J2YGvy6<\/a><\/p>\n","protected":false},"excerpt":{"rendered":"<p>Per continuar assimilant alguns conceptes, practiquem amb el llarg i curt. Busquem objectes que siguin llargs i curts, fem l\u00ednies a la pissarra i per \u00faltim fer un super mural enganxant tires de paper m\u00e9s llargues i m\u00e9s curtes. Ho hem passat molt b\u00e9.<br \/>\n<a href=\"https:\/\/goo.gl\/photos\/Navn29AoU9J2YGvy6\">https:\/\/goo.gl\/photos\/Navn29AoU9J2YGvy6<\/a><\/p>\n","protected":false},"author":7,"featured_media":0,"comment_status":"open","ping_status":"open","sticky":false,"template":"","format":"standard","meta":{"_bbp_topic_count":0,"_bbp_reply_count":0,"_bbp_total_topic_count":0,"_bbp_total_reply_count":0,"_bbp_voice_count":0,"_bbp_anonymous_reply_count":0,"_bbp_topic_count_hidden":0,"_bbp_reply_count_hidden":0,"_bbp_forum_subforum_count":0,"footnotes":""},"categories":[9],"tags":[],"class_list":["post-882","post","type-post","status-publish","format-standard","hentry","category-1r"],"post_mailing_queue_ids":[],"_links":{"self":[{"href":"https:\/\/agora.xtec.cat\/ceip-torre-llauder-mataro\/wp-json\/wp\/v2\/posts\/882","targetHints":{"allow":["GET"]}}],"collection":[{"href":"https:\/\/agora.xtec.cat\/ceip-torre-llauder-mataro\/wp-json\/wp\/v2\/posts"}],"about":[{"href":"https:\/\/agora.xtec.cat\/ceip-torre-llauder-mataro\/wp-json\/wp\/v2\/types\/post"}],"author":[{"embeddable":true,"href":"https:\/\/agora.xtec.cat\/ceip-torre-llauder-mataro\/wp-json\/wp\/v2\/users\/7"}],"replies":[{"embeddable":true,"href":"https:\/\/agora.xtec.cat\/ceip-torre-llauder-mataro\/wp-json\/wp\/v2\/comments?post=882"}],"version-history":[{"count":2,"href":"https:\/\/agora.xtec.cat\/ceip-torre-llauder-mataro\/wp-json\/wp\/v2\/posts\/882\/revisions"}],"predecessor-version":[{"id":884,"href":"https:\/\/agora.xtec.cat\/ceip-torre-llauder-mataro\/wp-json\/wp\/v2\/posts\/882\/revisions\/884"}],"wp:attachment":[{"href":"https:\/\/agora.xtec.cat\/ceip-torre-llauder-mataro\/wp-json\/wp\/v2\/media?parent=882"}],"wp:term":[{"taxonomy":"category","embeddable":true,"href":"https:\/\/agora.xtec.cat\/ceip-torre-llauder-mataro\/wp-json\/wp\/v2\/categories?post=882"},{"taxonomy":"post_tag","embeddable":true,"href":"https:\/\/agora.xtec.cat\/ceip-torre-llauder-mataro\/wp-json\/wp\/v2\/tags?post=882"}],"curies":[{"name":"wp","href":"https:\/\/api.w.org\/{rel}","templated":true}]}}