{"id":874,"date":"2017-02-08T23:19:54","date_gmt":"2017-02-08T22:19:54","guid":{"rendered":"http:\/\/agora.xtec.cat\/ceip-torre-llauder-mataro\/?p=874"},"modified":"2017-02-08T23:19:54","modified_gmt":"2017-02-08T22:19:54","slug":"e-inf-sortida-al-cosmocaixa","status":"publish","type":"post","link":"https:\/\/agora.xtec.cat\/ceip-torre-llauder-mataro\/infantil\/e-inf-sortida-al-cosmocaixa\/","title":{"rendered":"E.Inf: SORTIDA AL COSMOCAIXA"},"content":{"rendered":"<p>El passat 3 de febrer els nens i nenes d&#8217;Educaci\u00f3 Infantil vam anar al Cosmocaixa. Sempre \u00e9s una jornada molt especial anar d&#8217;excursi\u00f3 per\u00f2 \u00e9s que a m\u00e9s el Cosmocaixa ofereix un munt d&#8217;experi\u00e8ncies diferents i motivadores. Hem visitat el museu, el bosc inundat i cada curs ha fet un taller diferent. P3 ha aprofundit en els animals que habiten el bosc inundat i han vist que es el que mengen, P4 hem entrat al Click on s&#8217;han convertit en cient\u00edfics i han investigat lliurement amb globus, vaixells, instruments de m\u00fasica, aigua&#8230; i P5 han fet el Toca, Toca i ja veureu a les fotos tot all\u00f2 que han tocat, tots\/es s&#8217;ho han passat d&#8217;all\u00f2 m\u00e9s b\u00e9. Despr\u00e9s ens hem ajuntat tots\/es per dinar i hem pogut jugar una miqueta mentre esperavem l&#8217;autocar per tornar a l&#8217;escola.<\/p>\n<p><a href=\"https:\/\/goo.gl\/photos\/yJrs1riGVexsGaCr9\">https:\/\/goo.gl\/photos\/yJrs1riGVexsGaCr9<\/a><\/p>\n<p>Us animem a que visiteu aquest museu en fam\u00edlia!!<\/p>\n","protected":false},"excerpt":{"rendered":"<p>El passat 3 de febrer els nens i nenes d&#8217;Educaci\u00f3 Infantil vam anar al Cosmocaixa. Sempre \u00e9s una jornada molt especial anar d&#8217;excursi\u00f3 per\u00f2 \u00e9s que a m\u00e9s el Cosmocaixa ofereix un munt d&#8217;experi\u00e8ncies diferents i motivadores. Hem visitat el museu, el bosc inundat i&hellip;  <a href=\"https:\/\/agora.xtec.cat\/ceip-torre-llauder-mataro\/infantil\/e-inf-sortida-al-cosmocaixa\/\" title=\"Read E.Inf: SORTIDA AL COSMOCAIXA\">Llegeix m\u00e9s\u00bb<\/a><\/p>\n","protected":false},"author":21,"featured_media":0,"comment_status":"open","ping_status":"open","sticky":false,"template":"","format":"standard","meta":{"_bbp_topic_count":0,"_bbp_reply_count":0,"_bbp_total_topic_count":0,"_bbp_total_reply_count":0,"_bbp_voice_count":0,"_bbp_anonymous_reply_count":0,"_bbp_topic_count_hidden":0,"_bbp_reply_count_hidden":0,"_bbp_forum_subforum_count":0,"footnotes":""},"categories":[9,3,8,2],"tags":[],"class_list":["post-874","post","type-post","status-publish","format-standard","hentry","category-1r","category-i4","category-i5","category-infantil"],"post_mailing_queue_ids":[],"_links":{"self":[{"href":"https:\/\/agora.xtec.cat\/ceip-torre-llauder-mataro\/wp-json\/wp\/v2\/posts\/874","targetHints":{"allow":["GET"]}}],"collection":[{"href":"https:\/\/agora.xtec.cat\/ceip-torre-llauder-mataro\/wp-json\/wp\/v2\/posts"}],"about":[{"href":"https:\/\/agora.xtec.cat\/ceip-torre-llauder-mataro\/wp-json\/wp\/v2\/types\/post"}],"author":[{"embeddable":true,"href":"https:\/\/agora.xtec.cat\/ceip-torre-llauder-mataro\/wp-json\/wp\/v2\/users\/21"}],"replies":[{"embeddable":true,"href":"https:\/\/agora.xtec.cat\/ceip-torre-llauder-mataro\/wp-json\/wp\/v2\/comments?post=874"}],"version-history":[{"count":1,"href":"https:\/\/agora.xtec.cat\/ceip-torre-llauder-mataro\/wp-json\/wp\/v2\/posts\/874\/revisions"}],"predecessor-version":[{"id":875,"href":"https:\/\/agora.xtec.cat\/ceip-torre-llauder-mataro\/wp-json\/wp\/v2\/posts\/874\/revisions\/875"}],"wp:attachment":[{"href":"https:\/\/agora.xtec.cat\/ceip-torre-llauder-mataro\/wp-json\/wp\/v2\/media?parent=874"}],"wp:term":[{"taxonomy":"category","embeddable":true,"href":"https:\/\/agora.xtec.cat\/ceip-torre-llauder-mataro\/wp-json\/wp\/v2\/categories?post=874"},{"taxonomy":"post_tag","embeddable":true,"href":"https:\/\/agora.xtec.cat\/ceip-torre-llauder-mataro\/wp-json\/wp\/v2\/tags?post=874"}],"curies":[{"name":"wp","href":"https:\/\/api.w.org\/{rel}","templated":true}]}}