{"id":872,"date":"2017-02-08T22:14:56","date_gmt":"2017-02-08T21:14:56","guid":{"rendered":"http:\/\/agora.xtec.cat\/ceip-torre-llauder-mataro\/?p=872"},"modified":"2017-02-08T22:14:56","modified_gmt":"2017-02-08T21:14:56","slug":"p4-fem-llimonada-experimentacio","status":"publish","type":"post","link":"https:\/\/agora.xtec.cat\/ceip-torre-llauder-mataro\/infantil\/i5\/p4-fem-llimonada-experimentacio\/","title":{"rendered":"P4 FEM LLIMONADA (experimentaci\u00f3)"},"content":{"rendered":"<p>Hem dedicat dues sessions d&#8217;experimentaci\u00f3 del mes de gener als llimoners de l&#8217;escola. A la primera sessi\u00f3 els vam anar a veure, n&#8217;hi ha tres, i en vam agafar una branqueta. La Merc\u00e8 ja havia preparat un munt de fulles i, un cop a la classe, les hem pogut resseguir sobre un full, al principi costava una miqueta per\u00f2 despr\u00e9s ha quedat moooolt b\u00e9!! Un cop resseguides les hem rascat i feien una oloreta bon\u00edssima. La segona sessi\u00f3 hem observat les llimones i hem seguit la recepta per fer llimonada: AIGUA, SUCRE I, \u00c9S CLAR, SUC DE LLIMONA. Aquesta ha estat la feina important dels nens i nenes de P4, espr\u00e8mer les llimones i hem pogut fer-ho amb espremedors manuals i tamb\u00e9 amb l&#8217;el\u00e8ctric, que b\u00e9 i ho hem passat. La gran majoria de nens\/es ho han provat i els ha agradat molt, segur que en aquests propers dies cap nen\/a agafa un refredat!!<\/p>\n<p><a href=\"https:\/\/goo.gl\/photos\/YetpZWuRXC65tRt76\">https:\/\/goo.gl\/photos\/YetpZWuRXC65tRt76<\/a><\/p>\n","protected":false},"excerpt":{"rendered":"<p>Hem dedicat dues sessions d&#8217;experimentaci\u00f3 del mes de gener als llimoners de l&#8217;escola. A la primera sessi\u00f3 els vam anar a veure, n&#8217;hi ha tres, i en vam agafar una branqueta. La Merc\u00e8 ja havia preparat un munt de fulles i, un cop a la&hellip;  <a href=\"https:\/\/agora.xtec.cat\/ceip-torre-llauder-mataro\/infantil\/i5\/p4-fem-llimonada-experimentacio\/\" title=\"Read P4 FEM LLIMONADA (experimentaci\u00f3)\">Llegeix m\u00e9s\u00bb<\/a><\/p>\n","protected":false},"author":21,"featured_media":0,"comment_status":"open","ping_status":"open","sticky":false,"template":"","format":"standard","meta":{"_bbp_topic_count":0,"_bbp_reply_count":0,"_bbp_total_topic_count":0,"_bbp_total_reply_count":0,"_bbp_voice_count":0,"_bbp_anonymous_reply_count":0,"_bbp_topic_count_hidden":0,"_bbp_reply_count_hidden":0,"_bbp_forum_subforum_count":0,"footnotes":""},"categories":[8],"tags":[],"class_list":["post-872","post","type-post","status-publish","format-standard","hentry","category-i5"],"post_mailing_queue_ids":[],"_links":{"self":[{"href":"https:\/\/agora.xtec.cat\/ceip-torre-llauder-mataro\/wp-json\/wp\/v2\/posts\/872","targetHints":{"allow":["GET"]}}],"collection":[{"href":"https:\/\/agora.xtec.cat\/ceip-torre-llauder-mataro\/wp-json\/wp\/v2\/posts"}],"about":[{"href":"https:\/\/agora.xtec.cat\/ceip-torre-llauder-mataro\/wp-json\/wp\/v2\/types\/post"}],"author":[{"embeddable":true,"href":"https:\/\/agora.xtec.cat\/ceip-torre-llauder-mataro\/wp-json\/wp\/v2\/users\/21"}],"replies":[{"embeddable":true,"href":"https:\/\/agora.xtec.cat\/ceip-torre-llauder-mataro\/wp-json\/wp\/v2\/comments?post=872"}],"version-history":[{"count":1,"href":"https:\/\/agora.xtec.cat\/ceip-torre-llauder-mataro\/wp-json\/wp\/v2\/posts\/872\/revisions"}],"predecessor-version":[{"id":873,"href":"https:\/\/agora.xtec.cat\/ceip-torre-llauder-mataro\/wp-json\/wp\/v2\/posts\/872\/revisions\/873"}],"wp:attachment":[{"href":"https:\/\/agora.xtec.cat\/ceip-torre-llauder-mataro\/wp-json\/wp\/v2\/media?parent=872"}],"wp:term":[{"taxonomy":"category","embeddable":true,"href":"https:\/\/agora.xtec.cat\/ceip-torre-llauder-mataro\/wp-json\/wp\/v2\/categories?post=872"},{"taxonomy":"post_tag","embeddable":true,"href":"https:\/\/agora.xtec.cat\/ceip-torre-llauder-mataro\/wp-json\/wp\/v2\/tags?post=872"}],"curies":[{"name":"wp","href":"https:\/\/api.w.org\/{rel}","templated":true}]}}