{"id":824,"date":"2017-01-11T20:03:25","date_gmt":"2017-01-11T19:03:25","guid":{"rendered":"http:\/\/agora.xtec.cat\/ceip-torre-llauder-mataro\/?p=824"},"modified":"2017-01-11T20:08:57","modified_gmt":"2017-01-11T19:08:57","slug":"tallers-de-plastica-e-i","status":"publish","type":"post","link":"https:\/\/agora.xtec.cat\/ceip-torre-llauder-mataro\/infantil\/tallers-de-plastica-e-i\/","title":{"rendered":"TALLERS DE PL\u00c0STICA (E.I)"},"content":{"rendered":"<p>Durant el primer trimestre hem realitzat els tallers de pl\u00e0stica internivells, \u00e9s a dir, amb grups barrejats de nens i nenes de P3, P4 i P5. Els nens i nenes aprenen entre ells\/elles, comparteixen, s&#8217;ajuden, col.laboren i valoren els esfor\u00e7os de tots\/es els companys\/es. Les propostes per treballar diferents t\u00e8cniques pl\u00e0stiques han estat:<\/p>\n<ul>\n<li>estampaci\u00f3 de pintura amb fruites<\/li>\n<li>cuc amb oueres<\/li>\n<li>m\u00e0scara amb ceres<\/li>\n<li>composici\u00f3 amb gomets<\/li>\n<li>eri\u00e7\u00f3 modelat\u00a0amb fang<\/li>\n<\/ul>\n<p><a href=\"https:\/\/goo.gl\/photos\/G781gf2cyY5wRRrWA\">https:\/\/goo.gl\/photos\/G781gf2cyY5wRRrWA<\/a><\/p>\n","protected":false},"excerpt":{"rendered":"<p>Durant el primer trimestre hem realitzat els tallers de pl\u00e0stica internivells, \u00e9s a dir, amb grups barrejats de nens i nenes de P3, P4 i P5. Els nens i nenes aprenen entre ells\/elles, comparteixen, s&#8217;ajuden, col.laboren i valoren els esfor\u00e7os de tots\/es els companys\/es. Les&hellip;  <a href=\"https:\/\/agora.xtec.cat\/ceip-torre-llauder-mataro\/infantil\/tallers-de-plastica-e-i\/\" title=\"Read TALLERS DE PL\u00c0STICA (E.I)\">Llegeix m\u00e9s\u00bb<\/a><\/p>\n","protected":false},"author":21,"featured_media":0,"comment_status":"open","ping_status":"open","sticky":false,"template":"","format":"standard","meta":{"_bbp_topic_count":0,"_bbp_reply_count":0,"_bbp_total_topic_count":0,"_bbp_total_reply_count":0,"_bbp_voice_count":0,"_bbp_anonymous_reply_count":0,"_bbp_topic_count_hidden":0,"_bbp_reply_count_hidden":0,"_bbp_forum_subforum_count":0,"footnotes":""},"categories":[9,3,8,2],"tags":[],"class_list":["post-824","post","type-post","status-publish","format-standard","hentry","category-1r","category-i4","category-i5","category-infantil"],"post_mailing_queue_ids":[],"_links":{"self":[{"href":"https:\/\/agora.xtec.cat\/ceip-torre-llauder-mataro\/wp-json\/wp\/v2\/posts\/824","targetHints":{"allow":["GET"]}}],"collection":[{"href":"https:\/\/agora.xtec.cat\/ceip-torre-llauder-mataro\/wp-json\/wp\/v2\/posts"}],"about":[{"href":"https:\/\/agora.xtec.cat\/ceip-torre-llauder-mataro\/wp-json\/wp\/v2\/types\/post"}],"author":[{"embeddable":true,"href":"https:\/\/agora.xtec.cat\/ceip-torre-llauder-mataro\/wp-json\/wp\/v2\/users\/21"}],"replies":[{"embeddable":true,"href":"https:\/\/agora.xtec.cat\/ceip-torre-llauder-mataro\/wp-json\/wp\/v2\/comments?post=824"}],"version-history":[{"count":2,"href":"https:\/\/agora.xtec.cat\/ceip-torre-llauder-mataro\/wp-json\/wp\/v2\/posts\/824\/revisions"}],"predecessor-version":[{"id":826,"href":"https:\/\/agora.xtec.cat\/ceip-torre-llauder-mataro\/wp-json\/wp\/v2\/posts\/824\/revisions\/826"}],"wp:attachment":[{"href":"https:\/\/agora.xtec.cat\/ceip-torre-llauder-mataro\/wp-json\/wp\/v2\/media?parent=824"}],"wp:term":[{"taxonomy":"category","embeddable":true,"href":"https:\/\/agora.xtec.cat\/ceip-torre-llauder-mataro\/wp-json\/wp\/v2\/categories?post=824"},{"taxonomy":"post_tag","embeddable":true,"href":"https:\/\/agora.xtec.cat\/ceip-torre-llauder-mataro\/wp-json\/wp\/v2\/tags?post=824"}],"curies":[{"name":"wp","href":"https:\/\/api.w.org\/{rel}","templated":true}]}}