{"id":820,"date":"2016-12-28T21:52:46","date_gmt":"2016-12-28T20:52:46","guid":{"rendered":"http:\/\/agora.xtec.cat\/ceip-torre-llauder-mataro\/?p=820"},"modified":"2016-12-28T21:52:46","modified_gmt":"2016-12-28T20:52:46","slug":"p4-racons-de-desembre","status":"publish","type":"post","link":"https:\/\/agora.xtec.cat\/ceip-torre-llauder-mataro\/infantil\/i5\/p4-racons-de-desembre\/","title":{"rendered":"P4 RACONS DE DESEMBRE"},"content":{"rendered":"<p>Arribem al final del primer trimestre i aprofitem les sessions de Racons per aprendre coses del Nadal i tamb\u00e9 per continuar treballant la psicomotricitat fina, la coordinaci\u00f3, la creativitat&#8230; i com sempre a compartir el material i tamb\u00e9 les experi\u00e8ncies entres els companys i companyes.<\/p>\n<p><a href=\"https:\/\/goo.gl\/photos\/zWai9HRpqeqbriHz8\">https:\/\/goo.gl\/photos\/zWai9HRpqeqbriHz8<\/a><\/p>\n","protected":false},"excerpt":{"rendered":"<p>Arribem al final del primer trimestre i aprofitem les sessions de Racons per aprendre coses del Nadal i tamb\u00e9 per continuar treballant la psicomotricitat fina, la coordinaci\u00f3, la creativitat&#8230; i com sempre a compartir el material i tamb\u00e9 les experi\u00e8ncies entres els companys i companyes.<br \/>\n<a&hellip;  <a href=\"https:\/\/agora.xtec.cat\/ceip-torre-llauder-mataro\/infantil\/i5\/p4-racons-de-desembre\/\" title=\"Read P4 RACONS DE DESEMBRE\">Llegeix m\u00e9s\u00bb<\/a><\/p>\n","protected":false},"author":21,"featured_media":0,"comment_status":"open","ping_status":"open","sticky":false,"template":"","format":"standard","meta":{"_bbp_topic_count":0,"_bbp_reply_count":0,"_bbp_total_topic_count":0,"_bbp_total_reply_count":0,"_bbp_voice_count":0,"_bbp_anonymous_reply_count":0,"_bbp_topic_count_hidden":0,"_bbp_reply_count_hidden":0,"_bbp_forum_subforum_count":0,"footnotes":""},"categories":[8],"tags":[],"class_list":["post-820","post","type-post","status-publish","format-standard","hentry","category-i5"],"post_mailing_queue_ids":[],"_links":{"self":[{"href":"https:\/\/agora.xtec.cat\/ceip-torre-llauder-mataro\/wp-json\/wp\/v2\/posts\/820","targetHints":{"allow":["GET"]}}],"collection":[{"href":"https:\/\/agora.xtec.cat\/ceip-torre-llauder-mataro\/wp-json\/wp\/v2\/posts"}],"about":[{"href":"https:\/\/agora.xtec.cat\/ceip-torre-llauder-mataro\/wp-json\/wp\/v2\/types\/post"}],"author":[{"embeddable":true,"href":"https:\/\/agora.xtec.cat\/ceip-torre-llauder-mataro\/wp-json\/wp\/v2\/users\/21"}],"replies":[{"embeddable":true,"href":"https:\/\/agora.xtec.cat\/ceip-torre-llauder-mataro\/wp-json\/wp\/v2\/comments?post=820"}],"version-history":[{"count":1,"href":"https:\/\/agora.xtec.cat\/ceip-torre-llauder-mataro\/wp-json\/wp\/v2\/posts\/820\/revisions"}],"predecessor-version":[{"id":821,"href":"https:\/\/agora.xtec.cat\/ceip-torre-llauder-mataro\/wp-json\/wp\/v2\/posts\/820\/revisions\/821"}],"wp:attachment":[{"href":"https:\/\/agora.xtec.cat\/ceip-torre-llauder-mataro\/wp-json\/wp\/v2\/media?parent=820"}],"wp:term":[{"taxonomy":"category","embeddable":true,"href":"https:\/\/agora.xtec.cat\/ceip-torre-llauder-mataro\/wp-json\/wp\/v2\/categories?post=820"},{"taxonomy":"post_tag","embeddable":true,"href":"https:\/\/agora.xtec.cat\/ceip-torre-llauder-mataro\/wp-json\/wp\/v2\/tags?post=820"}],"curies":[{"name":"wp","href":"https:\/\/api.w.org\/{rel}","templated":true}]}}