{"id":810,"date":"2016-12-26T00:25:01","date_gmt":"2016-12-25T23:25:01","guid":{"rendered":"http:\/\/agora.xtec.cat\/ceip-torre-llauder-mataro\/?p=810"},"modified":"2016-12-26T00:34:03","modified_gmt":"2016-12-25T23:34:03","slug":"p4-experimentacio-plantem-unes-llenties","status":"publish","type":"post","link":"https:\/\/agora.xtec.cat\/ceip-torre-llauder-mataro\/infantil\/i5\/p4-experimentacio-plantem-unes-llenties\/","title":{"rendered":"P4 EXPERIMENTACI\u00d3: Plantem unes llenties"},"content":{"rendered":"<p>Durant un parell de setmanes hem viscut tot el proc\u00e9s de germinar una llavor, en aquest cas les llenties. Des de l&#8217;observaci\u00f3 de les petites llenties fins a la preparaci\u00f3 de tot all\u00f2 que necessiten per germinar.\u00a0 Durant els seg\u00fcents dies hem pogut observar com anaven brotan i creixen aquestes petites plantetes (i verificar les nostres hip\u00f2tesi o veure si ens haviem equivocat). Les hem cuidat i regat amb molta il.lusi\u00f3, i hem aconseguit una bonica planteta que si tenim sort i seguim cuidant a casa&#8230; floriran i sortiran llenties!<\/p>\n<p><a href=\"https:\/\/goo.gl\/photos\/x37rhr82Ca9dkUcv5\">https:\/\/goo.gl\/photos\/x37rhr82Ca9dkUcv5<\/a><\/p>\n","protected":false},"excerpt":{"rendered":"<p>Durant un parell de setmanes hem viscut tot el proc\u00e9s de germinar una llavor, en aquest cas les llenties. Des de l&#8217;observaci\u00f3 de les petites llenties fins a la preparaci\u00f3 de tot all\u00f2 que necessiten per germinar.\u00a0 Durant els seg\u00fcents dies hem pogut observar com&hellip;  <a href=\"https:\/\/agora.xtec.cat\/ceip-torre-llauder-mataro\/infantil\/i5\/p4-experimentacio-plantem-unes-llenties\/\" title=\"Read P4 EXPERIMENTACI\u00d3: Plantem unes llenties\">Llegeix m\u00e9s\u00bb<\/a><\/p>\n","protected":false},"author":21,"featured_media":0,"comment_status":"open","ping_status":"open","sticky":false,"template":"","format":"standard","meta":{"_bbp_topic_count":0,"_bbp_reply_count":0,"_bbp_total_topic_count":0,"_bbp_total_reply_count":0,"_bbp_voice_count":0,"_bbp_anonymous_reply_count":0,"_bbp_topic_count_hidden":0,"_bbp_reply_count_hidden":0,"_bbp_forum_subforum_count":0,"footnotes":""},"categories":[8],"tags":[],"class_list":["post-810","post","type-post","status-publish","format-standard","hentry","category-i5"],"post_mailing_queue_ids":[],"_links":{"self":[{"href":"https:\/\/agora.xtec.cat\/ceip-torre-llauder-mataro\/wp-json\/wp\/v2\/posts\/810","targetHints":{"allow":["GET"]}}],"collection":[{"href":"https:\/\/agora.xtec.cat\/ceip-torre-llauder-mataro\/wp-json\/wp\/v2\/posts"}],"about":[{"href":"https:\/\/agora.xtec.cat\/ceip-torre-llauder-mataro\/wp-json\/wp\/v2\/types\/post"}],"author":[{"embeddable":true,"href":"https:\/\/agora.xtec.cat\/ceip-torre-llauder-mataro\/wp-json\/wp\/v2\/users\/21"}],"replies":[{"embeddable":true,"href":"https:\/\/agora.xtec.cat\/ceip-torre-llauder-mataro\/wp-json\/wp\/v2\/comments?post=810"}],"version-history":[{"count":3,"href":"https:\/\/agora.xtec.cat\/ceip-torre-llauder-mataro\/wp-json\/wp\/v2\/posts\/810\/revisions"}],"predecessor-version":[{"id":819,"href":"https:\/\/agora.xtec.cat\/ceip-torre-llauder-mataro\/wp-json\/wp\/v2\/posts\/810\/revisions\/819"}],"wp:attachment":[{"href":"https:\/\/agora.xtec.cat\/ceip-torre-llauder-mataro\/wp-json\/wp\/v2\/media?parent=810"}],"wp:term":[{"taxonomy":"category","embeddable":true,"href":"https:\/\/agora.xtec.cat\/ceip-torre-llauder-mataro\/wp-json\/wp\/v2\/categories?post=810"},{"taxonomy":"post_tag","embeddable":true,"href":"https:\/\/agora.xtec.cat\/ceip-torre-llauder-mataro\/wp-json\/wp\/v2\/tags?post=810"}],"curies":[{"name":"wp","href":"https:\/\/api.w.org\/{rel}","templated":true}]}}