{"id":801,"date":"2016-12-13T17:23:16","date_gmt":"2016-12-13T16:23:16","guid":{"rendered":"http:\/\/agora.xtec.cat\/ceip-torre-llauder-mataro\/?p=801"},"modified":"2016-12-13T17:23:16","modified_gmt":"2016-12-13T16:23:16","slug":"marato-escolar-2016","status":"publish","type":"post","link":"https:\/\/agora.xtec.cat\/ceip-torre-llauder-mataro\/general\/marato-escolar-2016\/","title":{"rendered":"Marat\u00f3 Escolar 2016"},"content":{"rendered":"<p>El passat dissabte dia 3 de desembre es va celebrar la 23ena edici\u00f3 de la Marat\u00f3 Escolar.<\/p>\n<p>L&#8217;organitzaci\u00f3, la participaci\u00f3 dels nostres alumnes i l&#8217;ajuda de les mares i pares va ser tot un \u00e8xit.<\/p>\n<p>Moltes gr\u00e0cies.<\/p>\n<p><a href=\"https:\/\/goo.gl\/photos\/yRgSdGGiHUFUDnMx9\">https:\/\/goo.gl\/photos\/yRgSdGGiHUFUDnMx9<\/a><\/p>\n<p>&nbsp;<\/p>\n","protected":false},"excerpt":{"rendered":"<p>El passat dissabte dia 3 de desembre es va celebrar la 23ena edici\u00f3 de la Marat\u00f3 Escolar.<br \/>\nL&#8217;organitzaci\u00f3, la participaci\u00f3 dels nostres alumnes i l&#8217;ajuda de les mares i pares va ser tot un \u00e8xit.<br \/>\nMoltes gr\u00e0cies.<br \/>\n<a href=\"https:\/\/goo.gl\/photos\/yRgSdGGiHUFUDnMx9\">https:\/\/goo.gl\/photos\/yRgSdGGiHUFUDnMx9<\/a><br \/>\n&nbsp;<\/p>\n","protected":false},"author":24,"featured_media":0,"comment_status":"open","ping_status":"open","sticky":false,"template":"","format":"standard","meta":{"_bbp_topic_count":0,"_bbp_reply_count":0,"_bbp_total_topic_count":0,"_bbp_total_reply_count":0,"_bbp_voice_count":0,"_bbp_anonymous_reply_count":0,"_bbp_topic_count_hidden":0,"_bbp_reply_count_hidden":0,"_bbp_forum_subforum_count":0,"footnotes":""},"categories":[1],"tags":[],"class_list":["post-801","post","type-post","status-publish","format-standard","hentry","category-general"],"post_mailing_queue_ids":[],"_links":{"self":[{"href":"https:\/\/agora.xtec.cat\/ceip-torre-llauder-mataro\/wp-json\/wp\/v2\/posts\/801","targetHints":{"allow":["GET"]}}],"collection":[{"href":"https:\/\/agora.xtec.cat\/ceip-torre-llauder-mataro\/wp-json\/wp\/v2\/posts"}],"about":[{"href":"https:\/\/agora.xtec.cat\/ceip-torre-llauder-mataro\/wp-json\/wp\/v2\/types\/post"}],"author":[{"embeddable":true,"href":"https:\/\/agora.xtec.cat\/ceip-torre-llauder-mataro\/wp-json\/wp\/v2\/users\/24"}],"replies":[{"embeddable":true,"href":"https:\/\/agora.xtec.cat\/ceip-torre-llauder-mataro\/wp-json\/wp\/v2\/comments?post=801"}],"version-history":[{"count":1,"href":"https:\/\/agora.xtec.cat\/ceip-torre-llauder-mataro\/wp-json\/wp\/v2\/posts\/801\/revisions"}],"predecessor-version":[{"id":802,"href":"https:\/\/agora.xtec.cat\/ceip-torre-llauder-mataro\/wp-json\/wp\/v2\/posts\/801\/revisions\/802"}],"wp:attachment":[{"href":"https:\/\/agora.xtec.cat\/ceip-torre-llauder-mataro\/wp-json\/wp\/v2\/media?parent=801"}],"wp:term":[{"taxonomy":"category","embeddable":true,"href":"https:\/\/agora.xtec.cat\/ceip-torre-llauder-mataro\/wp-json\/wp\/v2\/categories?post=801"},{"taxonomy":"post_tag","embeddable":true,"href":"https:\/\/agora.xtec.cat\/ceip-torre-llauder-mataro\/wp-json\/wp\/v2\/tags?post=801"}],"curies":[{"name":"wp","href":"https:\/\/api.w.org\/{rel}","templated":true}]}}