{"id":771,"date":"2016-11-21T22:32:10","date_gmt":"2016-11-21T21:32:10","guid":{"rendered":"http:\/\/agora.xtec.cat\/ceip-torre-llauder-mataro\/?p=771"},"modified":"2016-11-21T22:55:02","modified_gmt":"2016-11-21T21:55:02","slug":"piruletes-xocolata","status":"publish","type":"post","link":"https:\/\/agora.xtec.cat\/ceip-torre-llauder-mataro\/infantil\/i5\/piruletes-xocolata\/","title":{"rendered":"PIRULETES XOCOLATA"},"content":{"rendered":"<p>La recepta de tardor d&#8217;aquest any a P4: piruletes de xocolata!!<\/p>\n<p><a href=\"https:\/\/goo.gl\/photos\/uQgHHcie1FeD54Jf7\">https:\/\/goo.gl\/photos\/uQgHHcie1FeD54Jf7<\/a><\/p>\n<p>Ja podeu fer la recepta a casa, els nens i nenes han retallat i endre\u00e7at la seq\u00fc\u00e8ncia temporal!!<\/p>\n<p><a href=\"https:\/\/goo.gl\/photos\/Z1v92U4U9v5W97XX7\">https:\/\/goo.gl\/photos\/Z1v92U4U9v5W97XX7<\/a><\/p>\n","protected":false},"excerpt":{"rendered":"<p>La recepta de tardor d&#8217;aquest any a P4: piruletes de xocolata!!<br \/>\n<a href=\"https:\/\/goo.gl\/photos\/uQgHHcie1FeD54Jf7\">https:\/\/goo.gl\/photos\/uQgHHcie1FeD54Jf7<\/a><br \/>\nJa podeu fer la recepta a casa, els nens i nenes han retallat i endre\u00e7at la seq\u00fc\u00e8ncia temporal!!<br \/>\n<a href=\"https:\/\/goo.gl\/photos\/Z1v92U4U9v5W97XX7\">https:\/\/goo.gl\/photos\/Z1v92U4U9v5W97XX7<\/a><\/p>\n","protected":false},"author":21,"featured_media":0,"comment_status":"open","ping_status":"open","sticky":false,"template":"","format":"standard","meta":{"_bbp_topic_count":0,"_bbp_reply_count":0,"_bbp_total_topic_count":0,"_bbp_total_reply_count":0,"_bbp_voice_count":0,"_bbp_anonymous_reply_count":0,"_bbp_topic_count_hidden":0,"_bbp_reply_count_hidden":0,"_bbp_forum_subforum_count":0,"footnotes":""},"categories":[8],"tags":[],"class_list":["post-771","post","type-post","status-publish","format-standard","hentry","category-i5"],"post_mailing_queue_ids":[],"_links":{"self":[{"href":"https:\/\/agora.xtec.cat\/ceip-torre-llauder-mataro\/wp-json\/wp\/v2\/posts\/771","targetHints":{"allow":["GET"]}}],"collection":[{"href":"https:\/\/agora.xtec.cat\/ceip-torre-llauder-mataro\/wp-json\/wp\/v2\/posts"}],"about":[{"href":"https:\/\/agora.xtec.cat\/ceip-torre-llauder-mataro\/wp-json\/wp\/v2\/types\/post"}],"author":[{"embeddable":true,"href":"https:\/\/agora.xtec.cat\/ceip-torre-llauder-mataro\/wp-json\/wp\/v2\/users\/21"}],"replies":[{"embeddable":true,"href":"https:\/\/agora.xtec.cat\/ceip-torre-llauder-mataro\/wp-json\/wp\/v2\/comments?post=771"}],"version-history":[{"count":3,"href":"https:\/\/agora.xtec.cat\/ceip-torre-llauder-mataro\/wp-json\/wp\/v2\/posts\/771\/revisions"}],"predecessor-version":[{"id":775,"href":"https:\/\/agora.xtec.cat\/ceip-torre-llauder-mataro\/wp-json\/wp\/v2\/posts\/771\/revisions\/775"}],"wp:attachment":[{"href":"https:\/\/agora.xtec.cat\/ceip-torre-llauder-mataro\/wp-json\/wp\/v2\/media?parent=771"}],"wp:term":[{"taxonomy":"category","embeddable":true,"href":"https:\/\/agora.xtec.cat\/ceip-torre-llauder-mataro\/wp-json\/wp\/v2\/categories?post=771"},{"taxonomy":"post_tag","embeddable":true,"href":"https:\/\/agora.xtec.cat\/ceip-torre-llauder-mataro\/wp-json\/wp\/v2\/tags?post=771"}],"curies":[{"name":"wp","href":"https:\/\/api.w.org\/{rel}","templated":true}]}}