{"id":7619,"date":"2026-09-02T12:55:02","date_gmt":"2026-09-02T10:55:02","guid":{"rendered":"https:\/\/agora.xtec.cat\/ceip-torre-llauder-mataro\/?p=7619"},"modified":"2026-09-02T12:56:37","modified_gmt":"2026-09-02T10:56:37","slug":"extraescolars-2026-2027","status":"publish","type":"post","link":"https:\/\/agora.xtec.cat\/ceip-torre-llauder-mataro\/general\/extraescolars-2026-2027\/","title":{"rendered":"EXTRAESCOLARS 2026-2027"},"content":{"rendered":"\n\n\n<p style=\"font-weight: 400;\">\u00a0<strong>EXTRAESCOLARS 2026-2027<\/strong>\u00a0<\/p>\n<p style=\"font-weight: 400;\">Fam\u00edlies! Ja tenim a punt les extraescolars d\u2019aquest curs!\u00a0<\/p>\n<p style=\"font-weight: 400;\">Esports, angl\u00e8s, activitats art\u00edstiques, tecnologia, dansa, refor\u00e7 escolar i molt m\u00e9s! Una proposta variada perqu\u00e8 cada infant pugui trobar una activitat que li agradi, aprendre i passar-s\u2019ho b\u00e9.\u00a0<\/p>\n<p style=\"font-weight: 400;\">Les activitats comencen <strong>el 8 de setembre<\/strong>\u00a0i us animem a participar-hi!\u00a0<\/p>\n<p style=\"font-weight: 400; text-align: center;\"><a href=\"https:\/\/enlleurat.tpvescola.com\/Pre-Formulari.aspx?svar=2oNnMJBuMVyOY89hT9GVtKH2YpRSu6ukqv5dTDXxwiOAczR5l4KAz9fJbREFiHQJEt8oRHK%2bWhALC%2bFMZzOFXoDS9N3RrcGE%2f0WlXYF5PmN0QdLmPGdfjyo4l80cqBSkbG3kbTplmA%2bP2SRNCGCsPCWYYEoPDUf1B5NLvp%2f6qIDyJXWsTHxipZIfhxzH3IYf\">\u00a0<strong>Inscripcions<\/strong><\/a><\/p>\n<p style=\"font-weight: 400; text-align: left;\">Si teniu qualsevol dubte sobre les activitats, els horaris o les inscripcions, podeu contactar amb en Luis:<\/p>\n<p style=\"font-weight: 400;\">\u00a0664 893 508<br \/>\u00a0<a href=\"mailto:luislopez@enlleurat.org\">luislopez@enlleurat.org<\/a><\/p>\n<p style=\"font-weight: 400;\">\u00a0Us esperem!<\/p>\n<p style=\"text-align: center;\"><a href=\"https:\/\/drive.google.com\/file\/d\/1seu2jTDeWQGaDYEMAqmQUs-ILuCraKZR\/view?usp=sharing\"><strong>INFORMACI\u00d3 EXTRAESCOLARS 2026-2027<\/strong><\/a><\/p>\n","protected":false},"excerpt":{"rendered":"<p>\u00a0EXTRAESCOLARS 2026-2027\u00a0 Fam\u00edlies! Ja tenim a punt les extraescolars d\u2019aquest curs!\u00a0 Esports, angl\u00e8s, activitats art\u00edstiques, tecnologia, dansa, refor\u00e7 escolar i molt m\u00e9s! Una proposta variada perqu\u00e8 cada infant pugui trobar una activitat que li agradi, aprendre i passar-s\u2019ho b\u00e9.\u00a0 Les activitats comencen el 8 de setembre\u00a0i us animem a participar-hi!\u00a0 \u00a0Inscripcions Si teniu qualsevol dubte [&hellip;]<\/p>\n","protected":false},"author":19,"featured_media":7620,"comment_status":"open","ping_status":"open","sticky":false,"template":"","format":"standard","meta":{"_bbp_topic_count":0,"_bbp_reply_count":0,"_bbp_total_topic_count":0,"_bbp_total_reply_count":0,"_bbp_voice_count":0,"_bbp_anonymous_reply_count":0,"_bbp_topic_count_hidden":0,"_bbp_reply_count_hidden":0,"_bbp_forum_subforum_count":0,"site-sidebar-layout":"default","site-content-layout":"","ast-site-content-layout":"default","site-content-style":"default","site-sidebar-style":"default","ast-global-header-display":"","ast-banner-title-visibility":"","ast-main-header-display":"","ast-hfb-above-header-display":"","ast-hfb-below-header-display":"","ast-hfb-mobile-header-display":"","site-post-title":"","ast-breadcrumbs-content":"","ast-featured-img":"","footer-sml-layout":"","theme-transparent-header-meta":"","adv-header-id-meta":"","stick-header-meta":"","header-above-stick-meta":"","header-main-stick-meta":"","header-below-stick-meta":"","astra-migrate-meta-layouts":"set","ast-page-background-enabled":"default","ast-page-background-meta":{"desktop":{"background-color":"var(--ast-global-color-4)","background-image":"","background-repeat":"repeat","background-position":"center center","background-size":"auto","background-attachment":"scroll","background-type":"","background-media":"","overlay-type":"","overlay-color":"","overlay-opacity":"","overlay-gradient":""},"tablet":{"background-color":"","background-image":"","background-repeat":"repeat","background-position":"center center","background-size":"auto","background-attachment":"scroll","background-type":"","background-media":"","overlay-type":"","overlay-color":"","overlay-opacity":"","overlay-gradient":""},"mobile":{"background-color":"","background-image":"","background-repeat":"repeat","background-position":"center center","background-size":"auto","background-attachment":"scroll","background-type":"","background-media":"","overlay-type":"","overlay-color":"","overlay-opacity":"","overlay-gradient":""}},"ast-content-background-meta":{"desktop":{"background-color":"var(--ast-global-color-5)","background-image":"","background-repeat":"repeat","background-position":"center center","background-size":"auto","background-attachment":"scroll","background-type":"","background-media":"","overlay-type":"","overlay-color":"","overlay-opacity":"","overlay-gradient":""},"tablet":{"background-color":"var(--ast-global-color-5)","background-image":"","background-repeat":"repeat","background-position":"center center","background-size":"auto","background-attachment":"scroll","background-type":"","background-media":"","overlay-type":"","overlay-color":"","overlay-opacity":"","overlay-gradient":""},"mobile":{"background-color":"var(--ast-global-color-5)","background-image":"","background-repeat":"repeat","background-position":"center center","background-size":"auto","background-attachment":"scroll","background-type":"","background-media":"","overlay-type":"","overlay-color":"","overlay-opacity":"","overlay-gradient":""}},"footnotes":""},"categories":[1,4],"tags":[],"class_list":["post-7619","post","type-post","status-publish","format-standard","has-post-thumbnail","hentry","category-general","category-portada"],"post_mailing_queue_ids":[],"_links":{"self":[{"href":"https:\/\/agora.xtec.cat\/ceip-torre-llauder-mataro\/wp-json\/wp\/v2\/posts\/7619","targetHints":{"allow":["GET"]}}],"collection":[{"href":"https:\/\/agora.xtec.cat\/ceip-torre-llauder-mataro\/wp-json\/wp\/v2\/posts"}],"about":[{"href":"https:\/\/agora.xtec.cat\/ceip-torre-llauder-mataro\/wp-json\/wp\/v2\/types\/post"}],"author":[{"embeddable":true,"href":"https:\/\/agora.xtec.cat\/ceip-torre-llauder-mataro\/wp-json\/wp\/v2\/users\/19"}],"replies":[{"embeddable":true,"href":"https:\/\/agora.xtec.cat\/ceip-torre-llauder-mataro\/wp-json\/wp\/v2\/comments?post=7619"}],"version-history":[{"count":3,"href":"https:\/\/agora.xtec.cat\/ceip-torre-llauder-mataro\/wp-json\/wp\/v2\/posts\/7619\/revisions"}],"predecessor-version":[{"id":7623,"href":"https:\/\/agora.xtec.cat\/ceip-torre-llauder-mataro\/wp-json\/wp\/v2\/posts\/7619\/revisions\/7623"}],"wp:featuredmedia":[{"embeddable":true,"href":"https:\/\/agora.xtec.cat\/ceip-torre-llauder-mataro\/wp-json\/wp\/v2\/media\/7620"}],"wp:attachment":[{"href":"https:\/\/agora.xtec.cat\/ceip-torre-llauder-mataro\/wp-json\/wp\/v2\/media?parent=7619"}],"wp:term":[{"taxonomy":"category","embeddable":true,"href":"https:\/\/agora.xtec.cat\/ceip-torre-llauder-mataro\/wp-json\/wp\/v2\/categories?post=7619"},{"taxonomy":"post_tag","embeddable":true,"href":"https:\/\/agora.xtec.cat\/ceip-torre-llauder-mataro\/wp-json\/wp\/v2\/tags?post=7619"}],"curies":[{"name":"wp","href":"https:\/\/api.w.org\/{rel}","templated":true}]}}