{"id":754,"date":"2016-11-09T22:56:25","date_gmt":"2016-11-09T21:56:25","guid":{"rendered":"http:\/\/agora.xtec.cat\/ceip-torre-llauder-mataro\/?p=754"},"modified":"2016-11-09T22:56:25","modified_gmt":"2016-11-09T21:56:25","slug":"representem-la-pluja","status":"publish","type":"post","link":"https:\/\/agora.xtec.cat\/ceip-torre-llauder-mataro\/infantil\/i5\/representem-la-pluja\/","title":{"rendered":"REPRESENTEM LA PLUJA"},"content":{"rendered":"<p>27\/10\/16: Aprofitant aquestes setmanes de pluja i tormenta hem pensat a representar la pluja. Hem posat una mica de pintura blava, com si f\u00f2ssin n\u00favols i amb l&#8217;ajuda d&#8217;una canyeta, els nens i nenes bufant han simulat l&#8217;aigua que queia.<\/p>\n<p>Ens ha quedat un dubte molt gran i que no sabem explicar ja que si l&#8217;aigua de la pluja l&#8217;agafen els n\u00favols del mar, que \u00e9s salada, perqu\u00e8 la pluja no \u00e9s salada?? I per aix\u00f2 hem fet un experiment molt interessant de deixar una safata amb aigua i sal a la finestra i esperarem uns dies a veure qu\u00e8 passa&#8230;<\/p>\n<p><a href=\"https:\/\/goo.gl\/photos\/Ls1XSERtRgGHXNRj9\">https:\/\/goo.gl\/photos\/Ls1XSERtRgGHXNRj9<\/a><\/p>\n<p>&nbsp;<\/p>\n","protected":false},"excerpt":{"rendered":"<p>27\/10\/16: Aprofitant aquestes setmanes de pluja i tormenta hem pensat a representar la pluja. Hem posat una mica de pintura blava, com si f\u00f2ssin n\u00favols i amb l&#8217;ajuda d&#8217;una canyeta, els nens i nenes bufant han simulat l&#8217;aigua que queia.<br \/>\nEns ha quedat un dubte molt&hellip;  <a href=\"https:\/\/agora.xtec.cat\/ceip-torre-llauder-mataro\/infantil\/i5\/representem-la-pluja\/\" title=\"Read REPRESENTEM LA PLUJA\">Llegeix m\u00e9s\u00bb<\/a><\/p>\n","protected":false},"author":21,"featured_media":0,"comment_status":"open","ping_status":"open","sticky":false,"template":"","format":"standard","meta":{"_bbp_topic_count":0,"_bbp_reply_count":0,"_bbp_total_topic_count":0,"_bbp_total_reply_count":0,"_bbp_voice_count":0,"_bbp_anonymous_reply_count":0,"_bbp_topic_count_hidden":0,"_bbp_reply_count_hidden":0,"_bbp_forum_subforum_count":0,"footnotes":""},"categories":[8],"tags":[],"class_list":["post-754","post","type-post","status-publish","format-standard","hentry","category-i5"],"post_mailing_queue_ids":[],"_links":{"self":[{"href":"https:\/\/agora.xtec.cat\/ceip-torre-llauder-mataro\/wp-json\/wp\/v2\/posts\/754","targetHints":{"allow":["GET"]}}],"collection":[{"href":"https:\/\/agora.xtec.cat\/ceip-torre-llauder-mataro\/wp-json\/wp\/v2\/posts"}],"about":[{"href":"https:\/\/agora.xtec.cat\/ceip-torre-llauder-mataro\/wp-json\/wp\/v2\/types\/post"}],"author":[{"embeddable":true,"href":"https:\/\/agora.xtec.cat\/ceip-torre-llauder-mataro\/wp-json\/wp\/v2\/users\/21"}],"replies":[{"embeddable":true,"href":"https:\/\/agora.xtec.cat\/ceip-torre-llauder-mataro\/wp-json\/wp\/v2\/comments?post=754"}],"version-history":[{"count":1,"href":"https:\/\/agora.xtec.cat\/ceip-torre-llauder-mataro\/wp-json\/wp\/v2\/posts\/754\/revisions"}],"predecessor-version":[{"id":755,"href":"https:\/\/agora.xtec.cat\/ceip-torre-llauder-mataro\/wp-json\/wp\/v2\/posts\/754\/revisions\/755"}],"wp:attachment":[{"href":"https:\/\/agora.xtec.cat\/ceip-torre-llauder-mataro\/wp-json\/wp\/v2\/media?parent=754"}],"wp:term":[{"taxonomy":"category","embeddable":true,"href":"https:\/\/agora.xtec.cat\/ceip-torre-llauder-mataro\/wp-json\/wp\/v2\/categories?post=754"},{"taxonomy":"post_tag","embeddable":true,"href":"https:\/\/agora.xtec.cat\/ceip-torre-llauder-mataro\/wp-json\/wp\/v2\/tags?post=754"}],"curies":[{"name":"wp","href":"https:\/\/api.w.org\/{rel}","templated":true}]}}