{"id":7476,"date":"2026-04-17T11:05:24","date_gmt":"2026-04-17T09:05:24","guid":{"rendered":"https:\/\/agora.xtec.cat\/ceip-torre-llauder-mataro\/?p=7476"},"modified":"2026-04-17T12:47:48","modified_gmt":"2026-04-17T10:47:48","slug":"anem-al-cosmocaixa","status":"publish","type":"post","link":"https:\/\/agora.xtec.cat\/ceip-torre-llauder-mataro\/general\/anem-al-cosmocaixa\/","title":{"rendered":"Anem al Cosmocaixa!"},"content":{"rendered":"<p data-path-to-node=\"2\">El passat dimecres 15 d&#8217;abril, els alumnes de <b data-path-to-node=\"2\" data-index-in-node=\"46\">2n, 5\u00e8 i 6\u00e8<\/b> vam gaudir d&#8217;una sortida fant\u00e0stica al museu de la ci\u00e8ncia CosmoCaixa. Durant el mat\u00ed, vam realitzar visites guiades molt interessants sobre l&#8217;Univers i la vida extraterrestre, a m\u00e9s d&#8217;explorar les exposicions i el fascinant <b data-path-to-node=\"2\" data-index-in-node=\"283\">Bosc Inundat<\/b>.<\/p>\n<p data-path-to-node=\"3\">Cada curs va participar en un taller experimental diferent: els m\u00e9s petits van visitar el <b data-path-to-node=\"3\" data-index-in-node=\"90\">Planetari<\/b>, mentre que els grups de 5\u00e8 i 6\u00e8 van descobrir els secrets de la <b data-path-to-node=\"3\" data-index-in-node=\"165\">meteorologia<\/b> i l&#8217;<b data-path-to-node=\"3\" data-index-in-node=\"182\">energia<\/b>.<\/p>\n<p data-path-to-node=\"3\">Per tancar la sortida, vam aprofitar el dia per dinar i jugar plegats a les instal\u00b7lacions exteriors del museu. Va ser un dia per aprendre d&#8217;una manera pr\u00e0ctica, curiosa i molt divertida!<a href=\"https:\/\/photos.app.goo.gl\/NRju5vWFj5cpx3tn6\" target=\"_blank\" rel=\"noopener\"><img loading=\"lazy\" decoding=\"async\" class=\"aligncenter wp-image-7477\" src=\"https:\/\/agora.xtec.cat\/ceip-torre-llauder-mataro\/wp-content\/uploads\/usu1425\/2026\/04\/cosmocaixa.jpg\" alt=\"\" width=\"562\" height=\"361\" srcset=\"https:\/\/agora.xtec.cat\/ceip-torre-llauder-mataro\/wp-content\/uploads\/usu1425\/2026\/04\/cosmocaixa.jpg 700w, https:\/\/agora.xtec.cat\/ceip-torre-llauder-mataro\/wp-content\/uploads\/usu1425\/2026\/04\/cosmocaixa-300x193.jpg 300w\" sizes=\"auto, (max-width: 562px) 100vw, 562px\" \/><\/a><\/p>\n","protected":false},"excerpt":{"rendered":"<p>El passat dimecres 15 d&#8217;abril, els alumnes de 2n, 5\u00e8 i 6\u00e8 vam gaudir d&#8217;una sortida fant\u00e0stica al museu de la ci\u00e8ncia CosmoCaixa. Durant el mat\u00ed, vam realitzar visites guiades molt interessants sobre l&#8217;Univers i la vida extraterrestre, a m\u00e9s d&#8217;explorar les exposicions i el&hellip;  <a href=\"https:\/\/agora.xtec.cat\/ceip-torre-llauder-mataro\/general\/anem-al-cosmocaixa\/\" title=\"Read Anem al Cosmocaixa!\">Llegeix m\u00e9s\u00bb<\/a><\/p>\n","protected":false},"author":19,"featured_media":7477,"comment_status":"open","ping_status":"open","sticky":false,"template":"","format":"standard","meta":{"_bbp_topic_count":0,"_bbp_reply_count":0,"_bbp_total_topic_count":0,"_bbp_total_reply_count":0,"_bbp_voice_count":0,"_bbp_anonymous_reply_count":0,"_bbp_topic_count_hidden":0,"_bbp_reply_count_hidden":0,"_bbp_forum_subforum_count":0,"footnotes":""},"categories":[1,4],"tags":[],"class_list":["post-7476","post","type-post","status-publish","format-standard","has-post-thumbnail","hentry","category-general","category-portada"],"post_mailing_queue_ids":[],"_links":{"self":[{"href":"https:\/\/agora.xtec.cat\/ceip-torre-llauder-mataro\/wp-json\/wp\/v2\/posts\/7476","targetHints":{"allow":["GET"]}}],"collection":[{"href":"https:\/\/agora.xtec.cat\/ceip-torre-llauder-mataro\/wp-json\/wp\/v2\/posts"}],"about":[{"href":"https:\/\/agora.xtec.cat\/ceip-torre-llauder-mataro\/wp-json\/wp\/v2\/types\/post"}],"author":[{"embeddable":true,"href":"https:\/\/agora.xtec.cat\/ceip-torre-llauder-mataro\/wp-json\/wp\/v2\/users\/19"}],"replies":[{"embeddable":true,"href":"https:\/\/agora.xtec.cat\/ceip-torre-llauder-mataro\/wp-json\/wp\/v2\/comments?post=7476"}],"version-history":[{"count":3,"href":"https:\/\/agora.xtec.cat\/ceip-torre-llauder-mataro\/wp-json\/wp\/v2\/posts\/7476\/revisions"}],"predecessor-version":[{"id":7480,"href":"https:\/\/agora.xtec.cat\/ceip-torre-llauder-mataro\/wp-json\/wp\/v2\/posts\/7476\/revisions\/7480"}],"wp:featuredmedia":[{"embeddable":true,"href":"https:\/\/agora.xtec.cat\/ceip-torre-llauder-mataro\/wp-json\/wp\/v2\/media\/7477"}],"wp:attachment":[{"href":"https:\/\/agora.xtec.cat\/ceip-torre-llauder-mataro\/wp-json\/wp\/v2\/media?parent=7476"}],"wp:term":[{"taxonomy":"category","embeddable":true,"href":"https:\/\/agora.xtec.cat\/ceip-torre-llauder-mataro\/wp-json\/wp\/v2\/categories?post=7476"},{"taxonomy":"post_tag","embeddable":true,"href":"https:\/\/agora.xtec.cat\/ceip-torre-llauder-mataro\/wp-json\/wp\/v2\/tags?post=7476"}],"curies":[{"name":"wp","href":"https:\/\/api.w.org\/{rel}","templated":true}]}}