{"id":7455,"date":"2026-04-20T13:20:18","date_gmt":"2026-04-20T11:20:18","guid":{"rendered":"https:\/\/agora.xtec.cat\/ceip-torre-llauder-mataro\/?p=7455"},"modified":"2026-04-20T15:44:18","modified_gmt":"2026-04-20T13:44:18","slug":"resultats-del-taller-lescola-que-somiem-i-altres-informacions-importants","status":"publish","type":"post","link":"https:\/\/agora.xtec.cat\/ceip-torre-llauder-mataro\/general\/resultats-del-taller-lescola-que-somiem-i-altres-informacions-importants\/","title":{"rendered":"Resultats del taller &#8220;L&#8217;escola que somiem&#8221; i altres informacions importants"},"content":{"rendered":"<p>El passat 17 de mar\u00e7 va tenir lloc l&#8217;assemblea general de l&#8217;AFA (Associaci\u00f3 de Fam\u00edlies d&#8217;Alumnes) en forma de taller participatiu. 10 persones hi v\u00e0rem participar en total. Agra\u00efm molt a totes el temps dedicat per participar en que l&#8217;experi\u00e8ncia dels nostres nens i nenes a l&#8217;escola sigui una mica millor.<\/p>\n<p>En aquest enlla\u00e7 podeu consultar el resum de l&#8217;assemblea i de les idees que van sorgir del taller: <a href=\"https:\/\/drive.google.com\/file\/d\/1hDJjNyaUdwQuKQmaxKLLyIiXPA4A1qnQ\/view?usp=sharing\" target=\"_blank\" rel=\"noopener\">enlla\u00e7<\/a>.<\/p>\n<p><a href=\"https:\/\/agora.xtec.cat\/ceip-torre-llauder-mataro\/wp-content\/uploads\/usu1425\/2026\/03\/A3_Assamblea_v3_page-0001.jpg\" target=\"_blank\" rel=\"noopener\"><img loading=\"lazy\" decoding=\"async\" class=\"aligncenter wp-image-7439 size-medium\" src=\"https:\/\/agora.xtec.cat\/ceip-torre-llauder-mataro\/wp-content\/uploads\/usu1425\/2026\/03\/A3_Assamblea_v3_page-0001-212x300.jpg\" alt=\"\" width=\"212\" height=\"300\" srcset=\"https:\/\/agora.xtec.cat\/ceip-torre-llauder-mataro\/wp-content\/uploads\/usu1425\/2026\/03\/A3_Assamblea_v3_page-0001-212x300.jpg 212w, https:\/\/agora.xtec.cat\/ceip-torre-llauder-mataro\/wp-content\/uploads\/usu1425\/2026\/03\/A3_Assamblea_v3_page-0001-724x1024.jpg 724w, https:\/\/agora.xtec.cat\/ceip-torre-llauder-mataro\/wp-content\/uploads\/usu1425\/2026\/03\/A3_Assamblea_v3_page-0001-768x1086.jpg 768w, https:\/\/agora.xtec.cat\/ceip-torre-llauder-mataro\/wp-content\/uploads\/usu1425\/2026\/03\/A3_Assamblea_v3_page-0001-1086x1536.jpg 1086w, https:\/\/agora.xtec.cat\/ceip-torre-llauder-mataro\/wp-content\/uploads\/usu1425\/2026\/03\/A3_Assamblea_v3_page-0001-1448x2048.jpg 1448w, https:\/\/agora.xtec.cat\/ceip-torre-llauder-mataro\/wp-content\/uploads\/usu1425\/2026\/03\/A3_Assamblea_v3_page-0001.jpg 1754w\" sizes=\"auto, (max-width: 212px) 100vw, 212px\" \/><\/a><\/p>\n<p>Recordatoris importants:<\/p>\n<ul>\n<li>El proper <strong>30 de maig per la tarda<\/strong> tindr\u00e0 lloc la <strong>festa de fi de curs<\/strong>, aquest any m\u00e9s propera que mai! Descobrirem el vostre talent i compartirem un sopar de germanor.<\/li>\n<\/ul>\n<p>&nbsp;<\/p>\n<ul>\n<li>Entrem en un nou cicle de mobilitzacions en defensa de la nostra escola: l&#8217;escola p\u00fablica.\n<ul>\n<li>El 2023 ens plant\u00e0vem a la porta conjuntament, fam\u00edlies i personal de l&#8217;escola, contra la supressi\u00f3 de professorat i la disminuci\u00f3 de recursos;<\/li>\n<li>El 2024, sense tant de suport, la junta de l&#8217;AFA va manifestar-se per exigir ombres als patis i intentar incidir en el Renatura;<\/li>\n<li>El 2025, ens v\u00e0rem adherir a la coordinadora d&#8217;AFAs de centres educatius p\u00fablics de Matar\u00f3 i v\u00e0rem protestar contra els tancaments sistem\u00e0tics de l\u00ednies a l&#8217;escola p\u00fablica a Matar\u00f3, seguint el moviment de l&#8217;AFFAC i la seva <a href=\"https:\/\/affac.cat\/affac\/plataforma-publica-escola-tothom\/\" target=\"_blank\" rel=\"noopener\">plataforma &#8220;La P\u00fablica, l&#8217;Escola de Tothom&#8221;<\/a>;<\/li>\n<li>Aquest hivern 2026 donem suport a les mobilitzacions del personal docent, que es mou per demanar millores que s\u00f3n tamb\u00e9 millores pels nostres nens i nenes (<a href=\"https:\/\/sites.google.com\/view\/afassuportdocents\/manifest?authuser=0\" target=\"_blank\" rel=\"noopener\">+info<\/a>);<\/li>\n<li>Aquesta primavera, <strong>les fam\u00edlies ens tornem a organitzar per protestar contra la manca de planificaci\u00f3 de l&#8217;educaci\u00f3 p\u00fablica a Matar\u00f3<\/strong>, amb la renovaci\u00f3 de concerts en escoles privades en un context de davallada de la natalitat, cosa que afebleix i estigmatitza la xarxa p\u00fablica i <strong>augmenta la segregaci\u00f3<\/strong>, perjudicant la nostra escola, el barri i augmentant les desigualtats.<\/li>\n<\/ul>\n<\/li>\n<\/ul>\n<figure class=\"figure wp-caption aligncenter\"><a href=\"https:\/\/agora.xtec.cat\/ceip-torre-llauder-mataro\/wp-content\/uploads\/usu1425\/2026\/02\/Defensemlescolapublica.jpeg\"><img loading=\"lazy\" decoding=\"async\" class=\"size-medium wp-image-7394\" src=\"https:\/\/agora.xtec.cat\/ceip-torre-llauder-mataro\/wp-content\/uploads\/usu1425\/2026\/02\/Defensemlescolapublica-300x212.jpeg\" alt=\"Defensem l'escola p\u00fablica\" width=\"300\" height=\"212\" srcset=\"https:\/\/agora.xtec.cat\/ceip-torre-llauder-mataro\/wp-content\/uploads\/usu1425\/2026\/02\/Defensemlescolapublica-300x212.jpeg 300w, https:\/\/agora.xtec.cat\/ceip-torre-llauder-mataro\/wp-content\/uploads\/usu1425\/2026\/02\/Defensemlescolapublica-1024x724.jpeg 1024w, https:\/\/agora.xtec.cat\/ceip-torre-llauder-mataro\/wp-content\/uploads\/usu1425\/2026\/02\/Defensemlescolapublica-768x543.jpeg 768w, https:\/\/agora.xtec.cat\/ceip-torre-llauder-mataro\/wp-content\/uploads\/usu1425\/2026\/02\/Defensemlescolapublica-1536x1087.jpeg 1536w, https:\/\/agora.xtec.cat\/ceip-torre-llauder-mataro\/wp-content\/uploads\/usu1425\/2026\/02\/Defensemlescolapublica.jpeg 1600w\" sizes=\"auto, (max-width: 300px) 100vw, 300px\" \/><\/a><figcaption class=\"wp-caption-text\">Il\u00b7lustradora: Lara S\u00e0nchez.<\/figcaption><\/figure>\n<p>&nbsp;<\/p>\n<p>Estigueu atents i atentes. Us informarem aviat.<\/p>\n","protected":false},"excerpt":{"rendered":"<p>El 17 de mar\u00e7 va tenir lloc el taller &#8220;L&#8217;escola que somiem&#8221; en el marc de l&#8217;assemblea general de l&#8217;AFA 2026. A trav\u00e9s d&#8217;aquest article es pot accedir als resultats. Tamb\u00e9 es proporcionen informacions importants suplement\u00e0ries.&hellip;  <a href=\"https:\/\/agora.xtec.cat\/ceip-torre-llauder-mataro\/general\/resultats-del-taller-lescola-que-somiem-i-altres-informacions-importants\/\" title=\"Read Resultats del taller &#8220;L&#8217;escola que somiem&#8221; i altres informacions importants\">Llegeix m\u00e9s\u00bb<\/a><\/p>\n","protected":false},"author":27,"featured_media":7439,"comment_status":"open","ping_status":"open","sticky":false,"template":"","format":"standard","meta":{"_bbp_topic_count":0,"_bbp_reply_count":0,"_bbp_total_topic_count":0,"_bbp_total_reply_count":0,"_bbp_voice_count":0,"_bbp_anonymous_reply_count":0,"_bbp_topic_count_hidden":0,"_bbp_reply_count_hidden":0,"_bbp_forum_subforum_count":0,"footnotes":""},"categories":[7,1,4],"tags":[228,254,261,255,260],"class_list":["post-7455","post","type-post","status-publish","format-standard","has-post-thumbnail","hentry","category-afa","category-general","category-portada","tag-afa","tag-assemblea-general","tag-mobilitzacions-2026","tag-participacio-de-les-families","tag-taller"],"post_mailing_queue_ids":[],"_links":{"self":[{"href":"https:\/\/agora.xtec.cat\/ceip-torre-llauder-mataro\/wp-json\/wp\/v2\/posts\/7455","targetHints":{"allow":["GET"]}}],"collection":[{"href":"https:\/\/agora.xtec.cat\/ceip-torre-llauder-mataro\/wp-json\/wp\/v2\/posts"}],"about":[{"href":"https:\/\/agora.xtec.cat\/ceip-torre-llauder-mataro\/wp-json\/wp\/v2\/types\/post"}],"author":[{"embeddable":true,"href":"https:\/\/agora.xtec.cat\/ceip-torre-llauder-mataro\/wp-json\/wp\/v2\/users\/27"}],"replies":[{"embeddable":true,"href":"https:\/\/agora.xtec.cat\/ceip-torre-llauder-mataro\/wp-json\/wp\/v2\/comments?post=7455"}],"version-history":[{"count":6,"href":"https:\/\/agora.xtec.cat\/ceip-torre-llauder-mataro\/wp-json\/wp\/v2\/posts\/7455\/revisions"}],"predecessor-version":[{"id":7482,"href":"https:\/\/agora.xtec.cat\/ceip-torre-llauder-mataro\/wp-json\/wp\/v2\/posts\/7455\/revisions\/7482"}],"wp:featuredmedia":[{"embeddable":true,"href":"https:\/\/agora.xtec.cat\/ceip-torre-llauder-mataro\/wp-json\/wp\/v2\/media\/7439"}],"wp:attachment":[{"href":"https:\/\/agora.xtec.cat\/ceip-torre-llauder-mataro\/wp-json\/wp\/v2\/media?parent=7455"}],"wp:term":[{"taxonomy":"category","embeddable":true,"href":"https:\/\/agora.xtec.cat\/ceip-torre-llauder-mataro\/wp-json\/wp\/v2\/categories?post=7455"},{"taxonomy":"post_tag","embeddable":true,"href":"https:\/\/agora.xtec.cat\/ceip-torre-llauder-mataro\/wp-json\/wp\/v2\/tags?post=7455"}],"curies":[{"name":"wp","href":"https:\/\/api.w.org\/{rel}","templated":true}]}}