{"id":7441,"date":"2026-02-26T16:50:34","date_gmt":"2026-02-26T15:50:34","guid":{"rendered":"https:\/\/agora.xtec.cat\/ceip-torre-llauder-mataro\/?p=7441"},"modified":"2026-03-05T16:55:21","modified_gmt":"2026-03-05T15:55:21","slug":"cicle-mitja-visita-la-fabrica-de-cacaolat","status":"publish","type":"post","link":"https:\/\/agora.xtec.cat\/ceip-torre-llauder-mataro\/general\/cicle-mitja-visita-la-fabrica-de-cacaolat\/","title":{"rendered":"Cicle Mitj\u00e0 visita la f\u00e0brica de Cacaolat"},"content":{"rendered":"<p>L\u2019alumnat de cicle mitj\u00e0 ha realitzat una visita a la f\u00e0brica de Cacaolat, situada a Santa Coloma de Gramenet. Durant aquesta visita, se&#8217;ns ha explicat el proc\u00e9s d\u2019elaboraci\u00f3 del Cacaolat, destacant els seus dos ingredients principals: la llet i el cacau.Hem apr\u00e8s quines s\u00f3n les necessitats de les vaques per produir una llet de qualitat i qu\u00e8 es fa a la f\u00e0brica per garantir que aquesta llet sigui apta per al consum. A m\u00e9s, se&#8217;ns ha informat sobre l\u2019origen del cacau i els diferents processos que ha de seguir abans de ser barrejat amb la llet.Finalment, hem pogut accedir a les instal\u00b7lacions de la f\u00e0brica, on hem observat les m\u00e0quines treballant en l&#8217;envasament del producte, que posteriorment podem gaudir a casa.La visita ha estat molt interessant i enriquidora.<\/p>\n<p>Clique la imatge per a veure les fotografies.<\/p>\n<p><a href=\"https:\/\/photos.app.goo.gl\/REBYsk8W8dYDMzND8\" target=\"_blank\" rel=\"noopener\"><img loading=\"lazy\" decoding=\"async\" class=\"alignleft wp-image-7442\" src=\"https:\/\/agora.xtec.cat\/ceip-torre-llauder-mataro\/wp-content\/uploads\/usu1425\/2026\/03\/cacaolat.jpg\" alt=\"\" width=\"358\" height=\"339\" srcset=\"https:\/\/agora.xtec.cat\/ceip-torre-llauder-mataro\/wp-content\/uploads\/usu1425\/2026\/03\/cacaolat.jpg 699w, https:\/\/agora.xtec.cat\/ceip-torre-llauder-mataro\/wp-content\/uploads\/usu1425\/2026\/03\/cacaolat-300x284.jpg 300w\" sizes=\"auto, (max-width: 358px) 100vw, 358px\" \/><\/a><\/p>\n<p>&nbsp;<\/p>\n","protected":false},"excerpt":{"rendered":"<p>L\u2019alumnat de cicle mitj\u00e0 ha realitzat una visita a la f\u00e0brica de Cacaolat, situada a Santa Coloma de Gramenet. Durant aquesta visita, se&#8217;ns ha explicat el proc\u00e9s d\u2019elaboraci\u00f3 del Cacaolat, destacant els seus dos ingredients principals: la llet i el cacau.Hem apr\u00e8s quines s\u00f3n les&hellip;  <a href=\"https:\/\/agora.xtec.cat\/ceip-torre-llauder-mataro\/general\/cicle-mitja-visita-la-fabrica-de-cacaolat\/\" title=\"Read Cicle Mitj\u00e0 visita la f\u00e0brica de Cacaolat\">Llegeix m\u00e9s\u00bb<\/a><\/p>\n","protected":false},"author":6,"featured_media":7442,"comment_status":"open","ping_status":"open","sticky":false,"template":"","format":"standard","meta":{"_bbp_topic_count":0,"_bbp_reply_count":0,"_bbp_total_topic_count":0,"_bbp_total_reply_count":0,"_bbp_voice_count":0,"_bbp_anonymous_reply_count":0,"_bbp_topic_count_hidden":0,"_bbp_reply_count_hidden":0,"_bbp_forum_subforum_count":0,"footnotes":""},"categories":[11,12,1,4,5],"tags":[16],"class_list":["post-7441","post","type-post","status-publish","format-standard","has-post-thumbnail","hentry","category-3r","category-4t","category-general","category-portada","category-primaria","tag-sortides"],"post_mailing_queue_ids":[],"_links":{"self":[{"href":"https:\/\/agora.xtec.cat\/ceip-torre-llauder-mataro\/wp-json\/wp\/v2\/posts\/7441","targetHints":{"allow":["GET"]}}],"collection":[{"href":"https:\/\/agora.xtec.cat\/ceip-torre-llauder-mataro\/wp-json\/wp\/v2\/posts"}],"about":[{"href":"https:\/\/agora.xtec.cat\/ceip-torre-llauder-mataro\/wp-json\/wp\/v2\/types\/post"}],"author":[{"embeddable":true,"href":"https:\/\/agora.xtec.cat\/ceip-torre-llauder-mataro\/wp-json\/wp\/v2\/users\/6"}],"replies":[{"embeddable":true,"href":"https:\/\/agora.xtec.cat\/ceip-torre-llauder-mataro\/wp-json\/wp\/v2\/comments?post=7441"}],"version-history":[{"count":2,"href":"https:\/\/agora.xtec.cat\/ceip-torre-llauder-mataro\/wp-json\/wp\/v2\/posts\/7441\/revisions"}],"predecessor-version":[{"id":7444,"href":"https:\/\/agora.xtec.cat\/ceip-torre-llauder-mataro\/wp-json\/wp\/v2\/posts\/7441\/revisions\/7444"}],"wp:featuredmedia":[{"embeddable":true,"href":"https:\/\/agora.xtec.cat\/ceip-torre-llauder-mataro\/wp-json\/wp\/v2\/media\/7442"}],"wp:attachment":[{"href":"https:\/\/agora.xtec.cat\/ceip-torre-llauder-mataro\/wp-json\/wp\/v2\/media?parent=7441"}],"wp:term":[{"taxonomy":"category","embeddable":true,"href":"https:\/\/agora.xtec.cat\/ceip-torre-llauder-mataro\/wp-json\/wp\/v2\/categories?post=7441"},{"taxonomy":"post_tag","embeddable":true,"href":"https:\/\/agora.xtec.cat\/ceip-torre-llauder-mataro\/wp-json\/wp\/v2\/tags?post=7441"}],"curies":[{"name":"wp","href":"https:\/\/api.w.org\/{rel}","templated":true}]}}