{"id":7324,"date":"2025-11-20T18:03:39","date_gmt":"2025-11-20T17:03:39","guid":{"rendered":"https:\/\/agora.xtec.cat\/ceip-torre-llauder-mataro\/?p=7324"},"modified":"2025-11-21T11:55:11","modified_gmt":"2025-11-21T10:55:11","slug":"casalet-dhivern-al-torre-llauder","status":"publish","type":"post","link":"https:\/\/agora.xtec.cat\/ceip-torre-llauder-mataro\/general\/casalet-dhivern-al-torre-llauder\/","title":{"rendered":"CASALET D&#8217;HIVERN AL TORRE LLAUDER"},"content":{"rendered":"<p>Bon dia, estimades families! \ud83d\ude04<\/p>\n<p>Us presentem el <strong>Casalet d&#8217;Hivern d&#8217;Enlleura&#8217;t 2025-2026<\/strong> \u2744 que es realitzar\u00e0 <strong>durant els dies festius de les vacances de Nadal<\/strong>\ud83c\udf84<strong>de les escoles<\/strong>!<\/p>\n<p>Reviseu les vostres b\u00fasties \ud83d\udceeun cop feu la pre-inscripci\u00f3 i prepareu els vostres passaports i bitllets, perqu\u00e8 aquest any agafarem un avi\u00f3 \u2708i haurem de visitar diferents parts del m\u00f3n \ud83c\udf0d. \u00a0Per qu\u00e8? Que est\u00e0 passant? \ud83d\ude2f Haureu de venir per descobrir-ho!<\/p>\n<p>Opci\u00f3 per dies:<br \/>\n\ud83d\udd39<strong>Desembre: dies 22, 23, 24, 29, 30 i 31<\/strong> &#8211; <span style=\"background-color: #c2e0f4;\">13\u20ac\/dia<\/span><br \/>\n\ud83d\udd38<strong>Gener: dies 2, 5 i 7<\/strong> &#8211; <span style=\"background-color: #f8cac6;\">13\u20ac\/dia<\/span><\/p>\n<p><span style=\"background-color: #bfedd2;\"><strong>TOT EL CASALET 95\u20ac<\/strong><\/span><\/p>\n<p>Opci\u00f3 d&#8217;acollida matinal\u23f0 i de menjador \ud83c\udf7d<\/p>\n<p><strong>Per\u00edode de pre-inscripci\u00f3:<\/strong> fins el 12 de desembre, per aquest enlla\u00e7:<\/p>\n<p><a href=\"https:\/\/enlleurat.tpvescola.com\/Pre-Formulari.aspx\">https:\/\/enlleurat.tpvescola.com\/Pre-Formulari.aspx<\/a><\/p>\n<p>Apunteu-vos que ho passarem genial! \ud83e\udd17<\/p>\n<p style=\"text-align: center;\"><img loading=\"lazy\" decoding=\"async\" class=\"alignnone wp-image-7325 size-large\" src=\"https:\/\/agora.xtec.cat\/ceip-torre-llauder-mataro\/wp-content\/uploads\/usu1425\/2025\/11\/Torre-Llauder-819x1024.png\" alt=\"\" width=\"819\" height=\"1024\" srcset=\"https:\/\/agora.xtec.cat\/ceip-torre-llauder-mataro\/wp-content\/uploads\/usu1425\/2025\/11\/Torre-Llauder-819x1024.png 819w, https:\/\/agora.xtec.cat\/ceip-torre-llauder-mataro\/wp-content\/uploads\/usu1425\/2025\/11\/Torre-Llauder-240x300.png 240w, https:\/\/agora.xtec.cat\/ceip-torre-llauder-mataro\/wp-content\/uploads\/usu1425\/2025\/11\/Torre-Llauder-768x960.png 768w, https:\/\/agora.xtec.cat\/ceip-torre-llauder-mataro\/wp-content\/uploads\/usu1425\/2025\/11\/Torre-Llauder.png 1080w\" sizes=\"auto, (max-width: 819px) 100vw, 819px\" \/><\/p>\n","protected":false},"excerpt":{"rendered":"<p>Bon dia, estimades families! \ud83d\ude04<br \/>\nUs presentem el Casalet d&#8217;Hivern d&#8217;Enlleura&#8217;t 2025-2026 \u2744 que es realitzar\u00e0 durant els dies festius de les vacances de Nadal\ud83c\udf84de les escoles!<br \/>\nReviseu les vostres b\u00fasties \ud83d\udceeun cop feu la pre-inscripci\u00f3 i prepareu els vostres passaports i bitllets, perqu\u00e8 aquest any agafarem&hellip;  <a href=\"https:\/\/agora.xtec.cat\/ceip-torre-llauder-mataro\/general\/casalet-dhivern-al-torre-llauder\/\" title=\"Read CASALET D&#8217;HIVERN AL TORRE LLAUDER\">Llegeix m\u00e9s\u00bb<\/a><\/p>\n","protected":false},"author":19,"featured_media":7325,"comment_status":"open","ping_status":"open","sticky":false,"template":"","format":"standard","meta":{"_bbp_topic_count":0,"_bbp_reply_count":0,"_bbp_total_topic_count":0,"_bbp_total_reply_count":0,"_bbp_voice_count":0,"_bbp_anonymous_reply_count":0,"_bbp_topic_count_hidden":0,"_bbp_reply_count_hidden":0,"_bbp_forum_subforum_count":0,"footnotes":""},"categories":[1,4],"tags":[],"class_list":["post-7324","post","type-post","status-publish","format-standard","has-post-thumbnail","hentry","category-general","category-portada"],"post_mailing_queue_ids":[],"_links":{"self":[{"href":"https:\/\/agora.xtec.cat\/ceip-torre-llauder-mataro\/wp-json\/wp\/v2\/posts\/7324","targetHints":{"allow":["GET"]}}],"collection":[{"href":"https:\/\/agora.xtec.cat\/ceip-torre-llauder-mataro\/wp-json\/wp\/v2\/posts"}],"about":[{"href":"https:\/\/agora.xtec.cat\/ceip-torre-llauder-mataro\/wp-json\/wp\/v2\/types\/post"}],"author":[{"embeddable":true,"href":"https:\/\/agora.xtec.cat\/ceip-torre-llauder-mataro\/wp-json\/wp\/v2\/users\/19"}],"replies":[{"embeddable":true,"href":"https:\/\/agora.xtec.cat\/ceip-torre-llauder-mataro\/wp-json\/wp\/v2\/comments?post=7324"}],"version-history":[{"count":2,"href":"https:\/\/agora.xtec.cat\/ceip-torre-llauder-mataro\/wp-json\/wp\/v2\/posts\/7324\/revisions"}],"predecessor-version":[{"id":7327,"href":"https:\/\/agora.xtec.cat\/ceip-torre-llauder-mataro\/wp-json\/wp\/v2\/posts\/7324\/revisions\/7327"}],"wp:featuredmedia":[{"embeddable":true,"href":"https:\/\/agora.xtec.cat\/ceip-torre-llauder-mataro\/wp-json\/wp\/v2\/media\/7325"}],"wp:attachment":[{"href":"https:\/\/agora.xtec.cat\/ceip-torre-llauder-mataro\/wp-json\/wp\/v2\/media?parent=7324"}],"wp:term":[{"taxonomy":"category","embeddable":true,"href":"https:\/\/agora.xtec.cat\/ceip-torre-llauder-mataro\/wp-json\/wp\/v2\/categories?post=7324"},{"taxonomy":"post_tag","embeddable":true,"href":"https:\/\/agora.xtec.cat\/ceip-torre-llauder-mataro\/wp-json\/wp\/v2\/tags?post=7324"}],"curies":[{"name":"wp","href":"https:\/\/api.w.org\/{rel}","templated":true}]}}