{"id":732,"date":"2016-11-15T17:06:07","date_gmt":"2016-11-15T16:06:07","guid":{"rendered":"http:\/\/agora.xtec.cat\/ceip-torre-llauder-mataro\/?p=732"},"modified":"2016-11-21T22:06:32","modified_gmt":"2016-11-21T21:06:32","slug":"apadrinaments-lectors-a-5e-i-6e","status":"publish","type":"post","link":"https:\/\/agora.xtec.cat\/ceip-torre-llauder-mataro\/general\/apadrinaments-lectors-a-5e-i-6e\/","title":{"rendered":"Apadrinaments Lectors a 5\u00e8 i 6\u00e8"},"content":{"rendered":"<p><a href=\"https:\/\/goo.gl\/photos\/KsUkVvBny39DA3mCA\">https:\/\/goo.gl\/photos\/KsUkVvBny39DA3mCA<\/a>( 5\u00e8 a P4)<\/p>\n<p><a href=\"https:\/\/goo.gl\/photos\/RgvnRTpnp523XVoG9\" target=\"_blank\">Fotos 6\u00e8 i P3<\/a><\/p>\n<p>Com cada curs, aquest mes de novembre hem comen\u00e7at a fer els apadrinaments lectors.<\/p>\n<p>6\u00e8 a P3<\/p>\n<p>5\u00e8 a P4<\/p>\n<p>4tA i 4tB a P5<\/p>\n<p>Els alumnes de Cicle Superior van\u00a0a buscar els seu fillols\/les a l&#8217;aula, es dirigeixen al pati on es posen on volen: als bancs, al terra, als esglaons&#8230;i els hi\u00a0 expliquen el conte que anteriorment s&#8217;han preparat a la Biblioteca Boleret.<\/p>\n<p>En primer lloc el conte s&#8217;explica ( no es llegeix ) al fillol\/la assignat\/da i despr\u00e8s s&#8217;explica a 2 o 3 nens o nenes m\u00e9s.<\/p>\n<p>Aquesta activitat \u00e9s molt maca perqu\u00e8 els m\u00e9s grans de l&#8217;escola se senten responsables i els petits trenquen el gel amb aquells &#8220;nens\/es tant grans&#8221; que veuen al pat\u00ed de dalt, i a partir d&#8217;aqu\u00ed surgeixen amistats que no hi havia.<\/p>\n","protected":false},"excerpt":{"rendered":"<p><a href=\"https:\/\/goo.gl\/photos\/KsUkVvBny39DA3mCA\">https:\/\/goo.gl\/photos\/KsUkVvBny39DA3mCA<\/a>( 5\u00e8 a P4)<br \/>\n<a href=\"https:\/\/goo.gl\/photos\/RgvnRTpnp523XVoG9\" target=\"_blank\">Fotos 6\u00e8 i P3<\/a><br \/>\nCom cada curs, aquest mes de novembre hem comen\u00e7at a fer els apadrinaments lectors.<br \/>\n6\u00e8 a P3<br \/>\n5\u00e8 a P4<br \/>\n4tA i 4tB a P5<br \/>\nEls alumnes de Cicle Superior van\u00a0a buscar els seu fillols\/les a l&#8217;aula, es dirigeixen al&hellip;  <a href=\"https:\/\/agora.xtec.cat\/ceip-torre-llauder-mataro\/general\/apadrinaments-lectors-a-5e-i-6e\/\" title=\"Read Apadrinaments Lectors a 5\u00e8 i 6\u00e8\">Llegeix m\u00e9s\u00bb<\/a><\/p>\n","protected":false},"author":24,"featured_media":0,"comment_status":"open","ping_status":"open","sticky":false,"template":"","format":"standard","meta":{"_bbp_topic_count":0,"_bbp_reply_count":0,"_bbp_total_topic_count":0,"_bbp_total_reply_count":0,"_bbp_voice_count":0,"_bbp_anonymous_reply_count":0,"_bbp_topic_count_hidden":0,"_bbp_reply_count_hidden":0,"_bbp_forum_subforum_count":0,"footnotes":""},"categories":[1,2],"tags":[],"class_list":["post-732","post","type-post","status-publish","format-standard","hentry","category-general","category-infantil"],"post_mailing_queue_ids":[],"_links":{"self":[{"href":"https:\/\/agora.xtec.cat\/ceip-torre-llauder-mataro\/wp-json\/wp\/v2\/posts\/732","targetHints":{"allow":["GET"]}}],"collection":[{"href":"https:\/\/agora.xtec.cat\/ceip-torre-llauder-mataro\/wp-json\/wp\/v2\/posts"}],"about":[{"href":"https:\/\/agora.xtec.cat\/ceip-torre-llauder-mataro\/wp-json\/wp\/v2\/types\/post"}],"author":[{"embeddable":true,"href":"https:\/\/agora.xtec.cat\/ceip-torre-llauder-mataro\/wp-json\/wp\/v2\/users\/24"}],"replies":[{"embeddable":true,"href":"https:\/\/agora.xtec.cat\/ceip-torre-llauder-mataro\/wp-json\/wp\/v2\/comments?post=732"}],"version-history":[{"count":3,"href":"https:\/\/agora.xtec.cat\/ceip-torre-llauder-mataro\/wp-json\/wp\/v2\/posts\/732\/revisions"}],"predecessor-version":[{"id":763,"href":"https:\/\/agora.xtec.cat\/ceip-torre-llauder-mataro\/wp-json\/wp\/v2\/posts\/732\/revisions\/763"}],"wp:attachment":[{"href":"https:\/\/agora.xtec.cat\/ceip-torre-llauder-mataro\/wp-json\/wp\/v2\/media?parent=732"}],"wp:term":[{"taxonomy":"category","embeddable":true,"href":"https:\/\/agora.xtec.cat\/ceip-torre-llauder-mataro\/wp-json\/wp\/v2\/categories?post=732"},{"taxonomy":"post_tag","embeddable":true,"href":"https:\/\/agora.xtec.cat\/ceip-torre-llauder-mataro\/wp-json\/wp\/v2\/tags?post=732"}],"curies":[{"name":"wp","href":"https:\/\/api.w.org\/{rel}","templated":true}]}}