{"id":7313,"date":"2025-11-06T11:21:59","date_gmt":"2025-11-06T10:21:59","guid":{"rendered":"https:\/\/agora.xtec.cat\/ceip-torre-llauder-mataro\/?p=7313"},"modified":"2025-11-06T19:52:28","modified_gmt":"2025-11-06T18:52:28","slug":"cicle-superior-visita-el-museu-dhistoria-de-catalunya","status":"publish","type":"post","link":"https:\/\/agora.xtec.cat\/ceip-torre-llauder-mataro\/general\/cicle-superior-visita-el-museu-dhistoria-de-catalunya\/","title":{"rendered":"CICLE SUPERIOR VISITA EL MUSEU D&#8217;HIST\u00d2RIA DE CATALUNYA"},"content":{"rendered":"<p style=\"text-align: right;\">L\u2019alumnat de 5\u00e8 i 6\u00e8 ha fet una sortida al Museu d\u2019Hist\u00f2ria de Catalunya, on ha participat en propostes educatives molt enriquidores.<\/p>\n<p>Els de 5\u00e8 han descobert les formes de vida de les societats antigues a trav\u00e9s de l&#8217;activitat \u201cEls nostres amics, els antics\u201d. D\u2019altra banda, 6\u00e8 s\u2019ha endinsat en la hist\u00f2ria de l\u2019\u00e8poca moderna amb \u201cEl tresor Serrallonga\u201d.<\/p>\n<p>Ha estat una jornada plena d\u2019aprenentatges, emocions i bona conviv\u00e8ncia!<\/p>\n<p>Cliqueu la imatge per a veure les fotografies.<\/p>\n<p><a href=\"https:\/\/photos.app.goo.gl\/rovRr12miyVmDiH99\" target=\"_blank\" rel=\"noopener\"><img loading=\"lazy\" decoding=\"async\" class=\"alignleft wp-image-7314\" src=\"https:\/\/agora.xtec.cat\/ceip-torre-llauder-mataro\/wp-content\/uploads\/usu1425\/2025\/11\/violin-1024x748.jpg\" alt=\"\" width=\"663\" height=\"484\" srcset=\"https:\/\/agora.xtec.cat\/ceip-torre-llauder-mataro\/wp-content\/uploads\/usu1425\/2025\/11\/violin-1024x748.jpg 1024w, https:\/\/agora.xtec.cat\/ceip-torre-llauder-mataro\/wp-content\/uploads\/usu1425\/2025\/11\/violin-300x219.jpg 300w, https:\/\/agora.xtec.cat\/ceip-torre-llauder-mataro\/wp-content\/uploads\/usu1425\/2025\/11\/violin-768x561.jpg 768w, https:\/\/agora.xtec.cat\/ceip-torre-llauder-mataro\/wp-content\/uploads\/usu1425\/2025\/11\/violin.jpg 1111w\" sizes=\"auto, (max-width: 663px) 100vw, 663px\" \/><\/a><\/p>\n","protected":false},"excerpt":{"rendered":"<p>L\u2019alumnat de 5\u00e8 i 6\u00e8 ha fet una sortida al Museu d\u2019Hist\u00f2ria de Catalunya, on ha participat en propostes educatives molt enriquidores. Els de 5\u00e8 han descobert les formes de vida de les societats antigues a trav\u00e9s de l&#8217;activitat \u201cEls nostres amics, els antics\u201d. D\u2019altra banda, 6\u00e8 s\u2019ha endinsat en la hist\u00f2ria de l\u2019\u00e8poca moderna [&hellip;]<\/p>\n","protected":false},"author":43,"featured_media":7314,"comment_status":"open","ping_status":"open","sticky":false,"template":"","format":"standard","meta":{"_bbp_topic_count":0,"_bbp_reply_count":0,"_bbp_total_topic_count":0,"_bbp_total_reply_count":0,"_bbp_voice_count":0,"_bbp_anonymous_reply_count":0,"_bbp_topic_count_hidden":0,"_bbp_reply_count_hidden":0,"_bbp_forum_subforum_count":0,"site-sidebar-layout":"default","site-content-layout":"","ast-site-content-layout":"","site-content-style":"default","site-sidebar-style":"default","ast-global-header-display":"","ast-banner-title-visibility":"","ast-main-header-display":"","ast-hfb-above-header-display":"","ast-hfb-below-header-display":"","ast-hfb-mobile-header-display":"","site-post-title":"","ast-breadcrumbs-content":"","ast-featured-img":"","footer-sml-layout":"","theme-transparent-header-meta":"","adv-header-id-meta":"","stick-header-meta":"","header-above-stick-meta":"","header-main-stick-meta":"","header-below-stick-meta":"","astra-migrate-meta-layouts":"default","ast-page-background-enabled":"default","ast-page-background-meta":{"desktop":{"background-color":"var(--ast-global-color-4)","background-image":"","background-repeat":"repeat","background-position":"center center","background-size":"auto","background-attachment":"scroll","background-type":"","background-media":"","overlay-type":"","overlay-color":"","overlay-opacity":"","overlay-gradient":""},"tablet":{"background-color":"","background-image":"","background-repeat":"repeat","background-position":"center center","background-size":"auto","background-attachment":"scroll","background-type":"","background-media":"","overlay-type":"","overlay-color":"","overlay-opacity":"","overlay-gradient":""},"mobile":{"background-color":"","background-image":"","background-repeat":"repeat","background-position":"center center","background-size":"auto","background-attachment":"scroll","background-type":"","background-media":"","overlay-type":"","overlay-color":"","overlay-opacity":"","overlay-gradient":""}},"ast-content-background-meta":{"desktop":{"background-color":"var(--ast-global-color-5)","background-image":"","background-repeat":"repeat","background-position":"center center","background-size":"auto","background-attachment":"scroll","background-type":"","background-media":"","overlay-type":"","overlay-color":"","overlay-opacity":"","overlay-gradient":""},"tablet":{"background-color":"var(--ast-global-color-5)","background-image":"","background-repeat":"repeat","background-position":"center center","background-size":"auto","background-attachment":"scroll","background-type":"","background-media":"","overlay-type":"","overlay-color":"","overlay-opacity":"","overlay-gradient":""},"mobile":{"background-color":"var(--ast-global-color-5)","background-image":"","background-repeat":"repeat","background-position":"center center","background-size":"auto","background-attachment":"scroll","background-type":"","background-media":"","overlay-type":"","overlay-color":"","overlay-opacity":"","overlay-gradient":""}},"footnotes":""},"categories":[13,14,1,4,5],"tags":[93,16],"class_list":["post-7313","post","type-post","status-publish","format-standard","has-post-thumbnail","hentry","category-5e","category-6e","category-general","category-portada","category-primaria","tag-medi-social-i-natural","tag-sortides"],"post_mailing_queue_ids":[],"_links":{"self":[{"href":"https:\/\/agora.xtec.cat\/ceip-torre-llauder-mataro\/wp-json\/wp\/v2\/posts\/7313","targetHints":{"allow":["GET"]}}],"collection":[{"href":"https:\/\/agora.xtec.cat\/ceip-torre-llauder-mataro\/wp-json\/wp\/v2\/posts"}],"about":[{"href":"https:\/\/agora.xtec.cat\/ceip-torre-llauder-mataro\/wp-json\/wp\/v2\/types\/post"}],"author":[{"embeddable":true,"href":"https:\/\/agora.xtec.cat\/ceip-torre-llauder-mataro\/wp-json\/wp\/v2\/users\/43"}],"replies":[{"embeddable":true,"href":"https:\/\/agora.xtec.cat\/ceip-torre-llauder-mataro\/wp-json\/wp\/v2\/comments?post=7313"}],"version-history":[{"count":4,"href":"https:\/\/agora.xtec.cat\/ceip-torre-llauder-mataro\/wp-json\/wp\/v2\/posts\/7313\/revisions"}],"predecessor-version":[{"id":7318,"href":"https:\/\/agora.xtec.cat\/ceip-torre-llauder-mataro\/wp-json\/wp\/v2\/posts\/7313\/revisions\/7318"}],"wp:featuredmedia":[{"embeddable":true,"href":"https:\/\/agora.xtec.cat\/ceip-torre-llauder-mataro\/wp-json\/wp\/v2\/media\/7314"}],"wp:attachment":[{"href":"https:\/\/agora.xtec.cat\/ceip-torre-llauder-mataro\/wp-json\/wp\/v2\/media?parent=7313"}],"wp:term":[{"taxonomy":"category","embeddable":true,"href":"https:\/\/agora.xtec.cat\/ceip-torre-llauder-mataro\/wp-json\/wp\/v2\/categories?post=7313"},{"taxonomy":"post_tag","embeddable":true,"href":"https:\/\/agora.xtec.cat\/ceip-torre-llauder-mataro\/wp-json\/wp\/v2\/tags?post=7313"}],"curies":[{"name":"wp","href":"https:\/\/api.w.org\/{rel}","templated":true}]}}