{"id":7292,"date":"2025-11-02T20:21:02","date_gmt":"2025-11-02T19:21:02","guid":{"rendered":"https:\/\/agora.xtec.cat\/ceip-torre-llauder-mataro\/?p=7292"},"modified":"2025-11-03T02:29:42","modified_gmt":"2025-11-03T01:29:42","slug":"castanyada-i-missatge-de-benvinguda-per-a-les-families","status":"publish","type":"post","link":"https:\/\/agora.xtec.cat\/ceip-torre-llauder-mataro\/general\/castanyada-i-missatge-de-benvinguda-per-a-les-families\/","title":{"rendered":"Castanyada i missatge de benvinguda per a les fam\u00edlies"},"content":{"rendered":"<p dir=\"ltr\" style=\"text-align: left;\">Benvolgudes fam\u00edlies,<\/p>\n<p dir=\"ltr\">Dijous passat, 30 d&#8217;octubre, des de l&#8217;AFA v\u00e0rem voler organitzar una trobada per poder donar la<strong> benvinguda a aquest curs 25-26<\/strong> i explicar-vos tot el que fem i tenim entre mans. Aquesta trobada va ser organitzada com una sessi\u00f3 de <strong>cinema a la fresca per gaudir en fam\u00edlia<\/strong> i es dividia en dues parts: <strong>una primera part a primera hora per infantil<\/strong> amb un curtmetratge de Halloween (<strong>si el voleu mirar a casa: <a href=\"https:\/\/youtu.be\/1c4ZfLiOe9Q?feature=shared\">cliqueu aqu\u00ed<\/a><\/strong>) i <strong>una segona part m\u00e9s tard dirigida a prim\u00e0ria<\/strong>, amb la visualitzaci\u00f3 de la pel\u00b7l\u00edcula &#8220;Kpop Demon Hunters&#8221;, votada a trav\u00e9s del <strong>canal <a href=\"https:\/\/chat.whatsapp.com\/KDdKGUjz54t7CJQh3h32wn\">InfoAFA<\/a><\/strong>.<\/p>\n<table style=\"border-collapse: collapse; width: 100%;\">\n<tbody>\n<tr>\n<td style=\"width: 33.3333%;\"><img loading=\"lazy\" decoding=\"async\" class=\"aligncenter wp-image-7294 size-medium\" src=\"https:\/\/agora.xtec.cat\/ceip-torre-llauder-mataro\/wp-content\/uploads\/usu1425\/2025\/11\/20251030_192007-red-300x225.jpg\" alt=\"\" width=\"300\" height=\"225\" srcset=\"https:\/\/agora.xtec.cat\/ceip-torre-llauder-mataro\/wp-content\/uploads\/usu1425\/2025\/11\/20251030_192007-red-300x225.jpg 300w, https:\/\/agora.xtec.cat\/ceip-torre-llauder-mataro\/wp-content\/uploads\/usu1425\/2025\/11\/20251030_192007-red-768x576.jpg 768w, https:\/\/agora.xtec.cat\/ceip-torre-llauder-mataro\/wp-content\/uploads\/usu1425\/2025\/11\/20251030_192007-red-200x150.jpg 200w, https:\/\/agora.xtec.cat\/ceip-torre-llauder-mataro\/wp-content\/uploads\/usu1425\/2025\/11\/20251030_192007-red.jpg 1024w\" sizes=\"auto, (max-width: 300px) 100vw, 300px\" \/><\/td>\n<td style=\"width: 33.3333%;\"><img loading=\"lazy\" decoding=\"async\" class=\"aligncenter wp-image-7293 size-medium\" src=\"https:\/\/agora.xtec.cat\/ceip-torre-llauder-mataro\/wp-content\/uploads\/usu1425\/2025\/11\/20251030_185951-red-300x225.jpg\" alt=\"\" width=\"300\" height=\"225\" srcset=\"https:\/\/agora.xtec.cat\/ceip-torre-llauder-mataro\/wp-content\/uploads\/usu1425\/2025\/11\/20251030_185951-red-300x225.jpg 300w, https:\/\/agora.xtec.cat\/ceip-torre-llauder-mataro\/wp-content\/uploads\/usu1425\/2025\/11\/20251030_185951-red-768x576.jpg 768w, https:\/\/agora.xtec.cat\/ceip-torre-llauder-mataro\/wp-content\/uploads\/usu1425\/2025\/11\/20251030_185951-red-200x150.jpg 200w, https:\/\/agora.xtec.cat\/ceip-torre-llauder-mataro\/wp-content\/uploads\/usu1425\/2025\/11\/20251030_185951-red.jpg 1024w\" sizes=\"auto, (max-width: 300px) 100vw, 300px\" \/><\/td>\n<td style=\"width: 33.3333%;\"><img loading=\"lazy\" decoding=\"async\" class=\"aligncenter wp-image-7295 size-medium\" style=\"font-size: 16px; border: none; color: #2795b6;\" src=\"https:\/\/agora.xtec.cat\/ceip-torre-llauder-mataro\/wp-content\/uploads\/usu1425\/2025\/11\/Obrint-castanyes-red-175x300.jpg\" alt=\"\" width=\"175\" height=\"300\" srcset=\"https:\/\/agora.xtec.cat\/ceip-torre-llauder-mataro\/wp-content\/uploads\/usu1425\/2025\/11\/Obrint-castanyes-red-175x300.jpg 175w, https:\/\/agora.xtec.cat\/ceip-torre-llauder-mataro\/wp-content\/uploads\/usu1425\/2025\/11\/Obrint-castanyes-red-596x1024.jpg 596w, https:\/\/agora.xtec.cat\/ceip-torre-llauder-mataro\/wp-content\/uploads\/usu1425\/2025\/11\/Obrint-castanyes-red-768x1319.jpg 768w, https:\/\/agora.xtec.cat\/ceip-torre-llauder-mataro\/wp-content\/uploads\/usu1425\/2025\/11\/Obrint-castanyes-red-895x1536.jpg 895w, https:\/\/agora.xtec.cat\/ceip-torre-llauder-mataro\/wp-content\/uploads\/usu1425\/2025\/11\/Obrint-castanyes-red.jpg 1024w\" sizes=\"auto, (max-width: 175px) 100vw, 175px\" \/><\/td>\n<\/tr>\n<\/tbody>\n<\/table>\n<p dir=\"ltr\">Us compartim algunes imatges i us agra\u00efm l&#8217;assist\u00e8ncia i la participaci\u00f3, sobretot a aquelles persones que van obrir les castanyes durant la pel\u00b7l\u00edcula, fent m\u00e9s f\u00e0cil la jorn<span style=\"font-family: inherit; font-size: 1em; color: #222222;\">ada del 31 d&#8217;octubre. Les fam\u00edlies de l&#8217;escola ens encarreguem tradicionalment de comprar les castanyes, preparar-les i torrar-les perqu\u00e8 tots els nens i nenes en puguin gaudir abans del ball. Un re<\/span><span style=\"font-family: inherit; font-size: 1em; color: #222222;\">coneixement tamb\u00e9 als pares i avis que van torrar-les, aix\u00ed com a les mares que ens van ajudar a preparar les paperines. Tamb\u00e9, com sempre, al Juan i a l&#8217;equip de direcci\u00f3 per tot el suport.<\/span><\/p>\n<table style=\"border-collapse: collapse; width: 100%;\">\n<tbody>\n<tr>\n<td style=\"width: 50%;\"><img loading=\"lazy\" decoding=\"async\" class=\"aligncenter wp-image-7296 size-medium\" src=\"https:\/\/agora.xtec.cat\/ceip-torre-llauder-mataro\/wp-content\/uploads\/usu1425\/2025\/11\/20251031_133817-red-225x300.jpg\" alt=\"\" width=\"225\" height=\"300\" srcset=\"https:\/\/agora.xtec.cat\/ceip-torre-llauder-mataro\/wp-content\/uploads\/usu1425\/2025\/11\/20251031_133817-red-225x300.jpg 225w, https:\/\/agora.xtec.cat\/ceip-torre-llauder-mataro\/wp-content\/uploads\/usu1425\/2025\/11\/20251031_133817-red-768x1024.jpg 768w, https:\/\/agora.xtec.cat\/ceip-torre-llauder-mataro\/wp-content\/uploads\/usu1425\/2025\/11\/20251031_133817-red.jpg 1024w\" sizes=\"auto, (max-width: 225px) 100vw, 225px\" \/><\/td>\n<td style=\"width: 50%;\"><img loading=\"lazy\" decoding=\"async\" class=\"aligncenter wp-image-7297 size-medium\" style=\"border: none; color: #2795b6;\" src=\"https:\/\/agora.xtec.cat\/ceip-torre-llauder-mataro\/wp-content\/uploads\/usu1425\/2025\/11\/20251031_145450-red-225x300.jpg\" alt=\"\" width=\"225\" height=\"300\" srcset=\"https:\/\/agora.xtec.cat\/ceip-torre-llauder-mataro\/wp-content\/uploads\/usu1425\/2025\/11\/20251031_145450-red-225x300.jpg 225w, https:\/\/agora.xtec.cat\/ceip-torre-llauder-mataro\/wp-content\/uploads\/usu1425\/2025\/11\/20251031_145450-red-768x1024.jpg 768w, https:\/\/agora.xtec.cat\/ceip-torre-llauder-mataro\/wp-content\/uploads\/usu1425\/2025\/11\/20251031_145450-red.jpg 1024w\" sizes=\"auto, (max-width: 225px) 100vw, 225px\" \/><\/td>\n<\/tr>\n<\/tbody>\n<\/table>\n<p>Tamb\u00e9 us compartim les paraules de benvinguda que v\u00e0rem pronunciar dijous, amb enlla\u00e7os a informacions complement\u00e0ries d&#8217;inter\u00e8s per vosaltres, les fam\u00edlies del Torre Llauder:<\/p>\n<blockquote>\n<p dir=\"ltr\">Hola i benvingudes, fam\u00edlies, a aquest 1er cinema a la fresca en fam\u00edlia!<\/p>\n<p dir=\"ltr\"><span style=\"font-family: inherit; font-size: 1em;\">Volem aprofitar l&#8217;ocasi\u00f3 per presentar-nos. Som la junta de l&#8217;Associaci\u00f3 de Fam\u00edlies d&#8217;Alumnes. Aquesta associaci\u00f3 la formem totes les fam\u00edlies amb nens i nenes cursant infantil i prim\u00e0ria a l&#8217;escola Torre Llauder, una escola que fa molt bona feina, amb un equip exce<\/span>pcional que facilita molt el benestar dels nostres nens i nenes en aquesta etapa escolar. Tot i aix\u00ed, falten recursos i les fam\u00edlies tenim tamb\u00e9 necessitats (conciliaci\u00f3, suport). Per aix\u00f2 fem un pot com\u00fa -a trav\u00e9s de la quota de l&#8217;AFA-, per poder donar resposta a algunes d&#8217;aquestes necessitats. \u00c9s a dir, <strong>l&#8217;AFA som TOTES LES FAM\u00cdLIES<\/strong> i la quota de l&#8217;AFA \u00e9s per totes, per\u00f2 anomenem <strong>s\u00f2cies<\/strong> a aquelles que abonen aquesta quota i obtenen aix\u00ed una s\u00e8rie de beneficis i<strong> la junta<\/strong> la formem mares com vosaltres, per\u00f2 que dediquem una part del nostre temps a gestionar aquest pot com\u00fa, a buscar altres recursos i a donar la cara quan cal.<\/p>\n<p dir=\"ltr\"><strong>QU\u00c8 FEM?<\/strong><\/p>\n<ol>\n<li dir=\"ltr\"><strong>Co-financem<\/strong> el servei d&#8217;acollida matinal i perman\u00e8ncia migdia, perqu\u00e8 resulti m\u00e9s econ\u00f2mic i facilitar la conciliaci\u00f3, a m\u00e9s de donar suport als casalets.<\/li>\n<li dir=\"ltr\">A trav\u00e9s del canal d&#8217;InfoAFA (si no t&#8217;has unit, <a href=\"https:\/\/chat.whatsapp.com\/KDdKGUjz54t7CJQh3h32wn\">uneix-te clicant aqu\u00ed<\/a>), us <strong>compartim<\/strong> cursos sobre crian\u00e7a i informacions \u00fatils per a la di<span style=\"font-family: inherit; font-size: 1em;\">f\u00edcil tasca d&#8217;educar.<\/span><\/li>\n<li dir=\"ltr\"><strong>Fem possible<\/strong> les festes de la Castanyada i del Nadal, a m\u00e9s d&#8217;organitzar una festa de fi de curs que ha de ser un moment de trobada de tota la comunitat educativa (aquest any es celebrar\u00e0 el 30 de maig).<\/li>\n<li dir=\"ltr\">Actualitzem els convenis del menjador i extraescolars, i <strong>demanem<\/strong> subvencions pels casals d&#8217;estiu, perqu\u00e8 el preu sigui m\u00e9s redu\u00eft per a les fam\u00edlies.<\/li>\n<li dir=\"ltr\"><strong>Invertim<\/strong> en mobiliari o equipament que necessiti el centre (cadires, ping\u00fcins, etc.) i organitzem la compra peri\u00f2dica de roba amb el logo de l&#8217;escola (recentment us hem enviat un <a href=\"https:\/\/docs.google.com\/forms\/d\/e\/1FAIpQLSc7MpD1JgZekY-HKqv3-LqGq-aX8ojGj8b943qELHi00_2c5g\/viewform\">formulari de pre-comanda<\/a> per omplir fins el 3 de novembre).<\/li>\n<li dir=\"ltr\"><strong>Defensem<\/strong>, amb la resta d&#8217;AFAs de la ciutat i de Catalunya, una escola p\u00fablica de qualitat, sense segregaci\u00f3. Per garantir una educaci\u00f3 de qualitat al nostre centre, per als nostres fills i filles, amb una plantilla de professorat estable, hem de fer costat a l&#8217;escola p\u00fablica, que \u00e9s l&#8217;escola de tothom. <a href=\"https:\/\/drive.google.com\/file\/d\/1WWlwQkeJG_iySCMt6yAfDi0ISx6XEuGx\/view?usp=sharing\">Cliqueu aqu\u00ed per llegir el manifest al qual ens hem adherit per reivindicar una proposta estrat\u00e8gica per al mapa escolar de Matar\u00f3<\/a> i aqu\u00ed per veure <a href=\"https:\/\/www.tvmataro.cat\/ca\/la-comunitat-educativa-posa-condicions-a-la-nova-planificacio-escolar-de-mataro\">la not\u00edcia a tvMatar\u00f3<\/a>. A m\u00e9s, estem mobilitzades amb la coordinadora d&#8217;AFAs de centres educatius p\u00fablics de Matar\u00f3 en les esmenes al <a href=\"https:\/\/www.mataro.cat\/ca\/temes\/educacio\/altres\/document_bases_segregacio.pdf\">Pacte local contra la segregaci\u00f3 educativa<\/a>.<\/li>\n<li dir=\"ltr\"><strong>Donem suport<\/strong> a la Colla gegantera del Llauderet Gratacels i el Joanet, que s\u00f3n part de la identitat de l&#8217;escola i a qui els nens i nenes admiren profundament.<\/li>\n<\/ol>\n<p dir=\"ltr\"><strong>PER QU\u00c8 US HEM CONVIDAT AL CINEMA EN FAM\u00cdLIA A LA FRESCA?<\/strong><\/p>\n<p dir=\"ltr\">Us hem convidat avui per presentar-nos,\u00a0 perqu\u00e8 ens veieu, i per <strong>animar-vos a participar activament. Sense l&#8217;AFA no hi hauria res de tot aix\u00f2 i la vida escolar seria m\u00e9s dif\u00edcil i m\u00e9s cara<\/strong> segurament.<strong> Aquest any<\/strong> la nostra 1\u00aa vocal de la junta finalitza el seu terme i <strong>necessitem<\/strong>, doncs, <strong>renovar parcialment la junta<\/strong>. A m\u00e9s, en dos anys com a m\u00e0xim necessitareu una nova junta, aix\u00ed que, a les persones que voleu participar activament de l&#8217;escola, us recomanem que us presenteu com a vocals i aix\u00ed comenceu poc a poc i el trasp\u00e0s ser\u00e0 m\u00e9s f\u00e0cil. <strong>El 17 de mar\u00e7 tindrem l&#8217;assemblea general<\/strong>. Ens veiem all\u00e0.<\/p>\n<p dir=\"ltr\">Us recordem tamb\u00e9 que <strong>ara s\u00f3n les eleccions al consell escolar<\/strong>. Animeu-vos tamb\u00e9 a participar.<\/p>\n<p dir=\"ltr\">Quantes m\u00e9s fam\u00edlies participem en les diferents inst\u00e0ncies on tenim veu, m\u00e9s podrem fer (i tamb\u00e9 menys feina farem cadascuna i m\u00e9s f\u00e0cil ser\u00e0 fer-la).<\/p>\n<p>Animeu-vos!<\/p><\/blockquote>\n<p>Aprofito aquest missatge del bloc per recordar-vos que <strong>tenim<\/strong><strong style=\"font-family: inherit; font-size: 1em;\"> loteria de Nadal a la venda a consergeria:<\/strong> <strong style=\"font-family: inherit; font-size: 1em;\">81290<\/strong><span style=\"font-family: inherit; font-size: 1em;\"> \u00e9s el nostre n\u00famero de la sort (es juguen 2,5\u20ac i es fa <strong>un donatiu <\/strong>de 0,50\u20ac per cada tiquet&#8230; <strong>molt necessari<\/strong>!).<\/span><\/p>\n<p><span style=\"font-family: inherit; font-size: 1em;\">Tamb\u00e9 us compartim el calendari amb les dates importants del curs.<a href=\"https:\/\/agora.xtec.cat\/ceip-torre-llauder-mataro\/wp-content\/uploads\/usu1425\/2025\/11\/AFA25-26_calendari.jpg\" target=\"_blank\" rel=\"noopener\"><img loading=\"lazy\" decoding=\"async\" class=\"alignright wp-image-7301 size-medium\" src=\"https:\/\/agora.xtec.cat\/ceip-torre-llauder-mataro\/wp-content\/uploads\/usu1425\/2025\/11\/AFA25-26_calendari-211x300.jpg\" alt=\"\" width=\"211\" height=\"300\" srcset=\"https:\/\/agora.xtec.cat\/ceip-torre-llauder-mataro\/wp-content\/uploads\/usu1425\/2025\/11\/AFA25-26_calendari-211x300.jpg 211w, https:\/\/agora.xtec.cat\/ceip-torre-llauder-mataro\/wp-content\/uploads\/usu1425\/2025\/11\/AFA25-26_calendari-721x1024.jpg 721w, https:\/\/agora.xtec.cat\/ceip-torre-llauder-mataro\/wp-content\/uploads\/usu1425\/2025\/11\/AFA25-26_calendari-768x1090.jpg 768w, https:\/\/agora.xtec.cat\/ceip-torre-llauder-mataro\/wp-content\/uploads\/usu1425\/2025\/11\/AFA25-26_calendari-1082x1536.jpg 1082w, https:\/\/agora.xtec.cat\/ceip-torre-llauder-mataro\/wp-content\/uploads\/usu1425\/2025\/11\/AFA25-26_calendari.jpg 1409w\" sizes=\"auto, (max-width: 211px) 100vw, 211px\" \/><\/a>\u00a0<\/span><\/p>\n<p>Ens veiem per l&#8217;escola,<\/p>\n<p>Les mares que formem la junta de l&#8217;AFA<\/p>\n<p dir=\"ltr\">\n","protected":false},"excerpt":{"rendered":"<p>Benvolgudes fam\u00edlies, Dijous passat, 30 d&#8217;octubre, des de l&#8217;AFA v\u00e0rem voler organitzar una trobada per poder donar la benvinguda a aquest curs 25-26 i explicar-vos tot el que fem i tenim entre mans. Aquesta trobada va ser organitzada com una sessi\u00f3 de cinema a la fresca per gaudir en fam\u00edlia i es dividia en dues [&hellip;]<\/p>\n","protected":false},"author":27,"featured_media":7297,"comment_status":"open","ping_status":"open","sticky":false,"template":"","format":"standard","meta":{"_bbp_topic_count":0,"_bbp_reply_count":0,"_bbp_total_topic_count":0,"_bbp_total_reply_count":0,"_bbp_voice_count":0,"_bbp_anonymous_reply_count":0,"_bbp_topic_count_hidden":0,"_bbp_reply_count_hidden":0,"_bbp_forum_subforum_count":0,"site-sidebar-layout":"default","site-content-layout":"","ast-site-content-layout":"","site-content-style":"default","site-sidebar-style":"default","ast-global-header-display":"","ast-banner-title-visibility":"","ast-main-header-display":"","ast-hfb-above-header-display":"","ast-hfb-below-header-display":"","ast-hfb-mobile-header-display":"","site-post-title":"","ast-breadcrumbs-content":"","ast-featured-img":"","footer-sml-layout":"","theme-transparent-header-meta":"","adv-header-id-meta":"","stick-header-meta":"","header-above-stick-meta":"","header-main-stick-meta":"","header-below-stick-meta":"","astra-migrate-meta-layouts":"default","ast-page-background-enabled":"default","ast-page-background-meta":{"desktop":{"background-color":"var(--ast-global-color-4)","background-image":"","background-repeat":"repeat","background-position":"center center","background-size":"auto","background-attachment":"scroll","background-type":"","background-media":"","overlay-type":"","overlay-color":"","overlay-opacity":"","overlay-gradient":""},"tablet":{"background-color":"","background-image":"","background-repeat":"repeat","background-position":"center center","background-size":"auto","background-attachment":"scroll","background-type":"","background-media":"","overlay-type":"","overlay-color":"","overlay-opacity":"","overlay-gradient":""},"mobile":{"background-color":"","background-image":"","background-repeat":"repeat","background-position":"center center","background-size":"auto","background-attachment":"scroll","background-type":"","background-media":"","overlay-type":"","overlay-color":"","overlay-opacity":"","overlay-gradient":""}},"ast-content-background-meta":{"desktop":{"background-color":"var(--ast-global-color-5)","background-image":"","background-repeat":"repeat","background-position":"center center","background-size":"auto","background-attachment":"scroll","background-type":"","background-media":"","overlay-type":"","overlay-color":"","overlay-opacity":"","overlay-gradient":""},"tablet":{"background-color":"var(--ast-global-color-5)","background-image":"","background-repeat":"repeat","background-position":"center center","background-size":"auto","background-attachment":"scroll","background-type":"","background-media":"","overlay-type":"","overlay-color":"","overlay-opacity":"","overlay-gradient":""},"mobile":{"background-color":"var(--ast-global-color-5)","background-image":"","background-repeat":"repeat","background-position":"center center","background-size":"auto","background-attachment":"scroll","background-type":"","background-media":"","overlay-type":"","overlay-color":"","overlay-opacity":"","overlay-gradient":""}},"footnotes":""},"categories":[7,175,1,4],"tags":[],"class_list":["post-7292","post","type-post","status-publish","format-standard","has-post-thumbnail","hentry","category-afa","category-families","category-general","category-portada"],"post_mailing_queue_ids":[],"_links":{"self":[{"href":"https:\/\/agora.xtec.cat\/ceip-torre-llauder-mataro\/wp-json\/wp\/v2\/posts\/7292","targetHints":{"allow":["GET"]}}],"collection":[{"href":"https:\/\/agora.xtec.cat\/ceip-torre-llauder-mataro\/wp-json\/wp\/v2\/posts"}],"about":[{"href":"https:\/\/agora.xtec.cat\/ceip-torre-llauder-mataro\/wp-json\/wp\/v2\/types\/post"}],"author":[{"embeddable":true,"href":"https:\/\/agora.xtec.cat\/ceip-torre-llauder-mataro\/wp-json\/wp\/v2\/users\/27"}],"replies":[{"embeddable":true,"href":"https:\/\/agora.xtec.cat\/ceip-torre-llauder-mataro\/wp-json\/wp\/v2\/comments?post=7292"}],"version-history":[{"count":6,"href":"https:\/\/agora.xtec.cat\/ceip-torre-llauder-mataro\/wp-json\/wp\/v2\/posts\/7292\/revisions"}],"predecessor-version":[{"id":7307,"href":"https:\/\/agora.xtec.cat\/ceip-torre-llauder-mataro\/wp-json\/wp\/v2\/posts\/7292\/revisions\/7307"}],"wp:featuredmedia":[{"embeddable":true,"href":"https:\/\/agora.xtec.cat\/ceip-torre-llauder-mataro\/wp-json\/wp\/v2\/media\/7297"}],"wp:attachment":[{"href":"https:\/\/agora.xtec.cat\/ceip-torre-llauder-mataro\/wp-json\/wp\/v2\/media?parent=7292"}],"wp:term":[{"taxonomy":"category","embeddable":true,"href":"https:\/\/agora.xtec.cat\/ceip-torre-llauder-mataro\/wp-json\/wp\/v2\/categories?post=7292"},{"taxonomy":"post_tag","embeddable":true,"href":"https:\/\/agora.xtec.cat\/ceip-torre-llauder-mataro\/wp-json\/wp\/v2\/tags?post=7292"}],"curies":[{"name":"wp","href":"https:\/\/api.w.org\/{rel}","templated":true}]}}