{"id":7055,"date":"2025-05-07T11:06:57","date_gmt":"2025-05-07T09:06:57","guid":{"rendered":"https:\/\/agora.xtec.cat\/ceip-torre-llauder-mataro\/?p=7055"},"modified":"2025-05-07T11:23:05","modified_gmt":"2025-05-07T09:23:05","slug":"projecte-etwinning-a-5e-2","status":"publish","type":"post","link":"https:\/\/agora.xtec.cat\/ceip-torre-llauder-mataro\/portada\/projecte-etwinning-a-5e-2\/","title":{"rendered":"PROJECTE eTWINNING A 5\u00e8"},"content":{"rendered":"<p>Aquest trimestre, l\u2019alumnat de 5\u00e8 estem duent a terme un projecte eTwinning amb una escola de Pol\u00f2nia. El m\u00e9s important d\u2019aquest projecte \u00e9s la comunicaci\u00f3 en llengua anglesa entre l\u2019alumnat de les dues escoles. La primera activitat ha consistit a enviar-nos una carta donant informaci\u00f3 sobre nosaltres (aficions, mat\u00e8ria preferida, descripci\u00f3 f\u00edsica, etc.). Utilitzant les descripcions f\u00edsiques, dibuixarem els nostres companys de Pol\u00f2nia i ells ens dibuixaran a nosaltres. Amb els dibuixos acabats, comprovarem amb fotografies reals, que ens enviarem mitjan\u00e7ant l\u2019espai web oficial d\u2019eTwinning, si tant les il\u00b7lustracions com les fotos coincideixen.<\/p>\n<p>Cliqueu la <a href=\"https:\/\/photos.app.goo.gl\/at8byTNzN3MLmi9u5\" target=\"_blank\" rel=\"noopener\">fotografia<\/a> per a veure com est\u00e0 anant aquest proc\u00e9s. Estem molt engrescats!<\/p>\n<p><iframe loading=\"lazy\" src=\"\/\/www.youtube.com\/embed\/ZwOEwSyTHt4?si=uYkK8-4XS1pu80B2\" width=\"560\" height=\"314\" allowfullscreen=\"allowfullscreen\"><\/iframe><a href=\"https:\/\/photos.app.goo.gl\/at8byTNzN3MLmi9u5\" target=\"_blank\" rel=\"noopener\"><img loading=\"lazy\" decoding=\"async\" class=\"wp-image-7057 alignleft\" src=\"https:\/\/agora.xtec.cat\/ceip-torre-llauder-mataro\/wp-content\/uploads\/usu1425\/2025\/05\/IMG_20250506_101109-1.jpg\" alt=\"\" width=\"563\" height=\"422\" srcset=\"https:\/\/agora.xtec.cat\/ceip-torre-llauder-mataro\/wp-content\/uploads\/usu1425\/2025\/05\/IMG_20250506_101109-1.jpg 1020w, https:\/\/agora.xtec.cat\/ceip-torre-llauder-mataro\/wp-content\/uploads\/usu1425\/2025\/05\/IMG_20250506_101109-1-300x225.jpg 300w, https:\/\/agora.xtec.cat\/ceip-torre-llauder-mataro\/wp-content\/uploads\/usu1425\/2025\/05\/IMG_20250506_101109-1-768x575.jpg 768w, https:\/\/agora.xtec.cat\/ceip-torre-llauder-mataro\/wp-content\/uploads\/usu1425\/2025\/05\/IMG_20250506_101109-1-200x150.jpg 200w\" sizes=\"auto, (max-width: 563px) 100vw, 563px\" \/><\/a><\/p>\n","protected":false},"excerpt":{"rendered":"<p>Aquest trimestre, l\u2019alumnat de 5\u00e8 estem duent a terme un projecte eTwinning amb una escola de Pol\u00f2nia. El m\u00e9s important d\u2019aquest projecte \u00e9s la comunicaci\u00f3 en llengua anglesa entre l\u2019alumnat de les dues escoles. La primera activitat ha consistit a enviar-nos una carta donant informaci\u00f3&hellip;  <a href=\"https:\/\/agora.xtec.cat\/ceip-torre-llauder-mataro\/portada\/projecte-etwinning-a-5e-2\/\" title=\"Read PROJECTE eTWINNING A 5\u00e8\">Llegeix m\u00e9s\u00bb<\/a><\/p>\n","protected":false},"author":6,"featured_media":7059,"comment_status":"open","ping_status":"closed","sticky":false,"template":"","format":"standard","meta":{"_bbp_topic_count":0,"_bbp_reply_count":0,"_bbp_total_topic_count":0,"_bbp_total_reply_count":0,"_bbp_voice_count":0,"_bbp_anonymous_reply_count":0,"_bbp_topic_count_hidden":0,"_bbp_reply_count_hidden":0,"_bbp_forum_subforum_count":0,"footnotes":""},"categories":[13,4,5],"tags":[107,84,106],"class_list":["post-7055","post","type-post","status-publish","format-standard","has-post-thumbnail","hentry","category-5e","category-portada","category-primaria","tag-5e","tag-english","tag-etwinning"],"post_mailing_queue_ids":[],"_links":{"self":[{"href":"https:\/\/agora.xtec.cat\/ceip-torre-llauder-mataro\/wp-json\/wp\/v2\/posts\/7055","targetHints":{"allow":["GET"]}}],"collection":[{"href":"https:\/\/agora.xtec.cat\/ceip-torre-llauder-mataro\/wp-json\/wp\/v2\/posts"}],"about":[{"href":"https:\/\/agora.xtec.cat\/ceip-torre-llauder-mataro\/wp-json\/wp\/v2\/types\/post"}],"author":[{"embeddable":true,"href":"https:\/\/agora.xtec.cat\/ceip-torre-llauder-mataro\/wp-json\/wp\/v2\/users\/6"}],"replies":[{"embeddable":true,"href":"https:\/\/agora.xtec.cat\/ceip-torre-llauder-mataro\/wp-json\/wp\/v2\/comments?post=7055"}],"version-history":[{"count":4,"href":"https:\/\/agora.xtec.cat\/ceip-torre-llauder-mataro\/wp-json\/wp\/v2\/posts\/7055\/revisions"}],"predecessor-version":[{"id":7062,"href":"https:\/\/agora.xtec.cat\/ceip-torre-llauder-mataro\/wp-json\/wp\/v2\/posts\/7055\/revisions\/7062"}],"wp:featuredmedia":[{"embeddable":true,"href":"https:\/\/agora.xtec.cat\/ceip-torre-llauder-mataro\/wp-json\/wp\/v2\/media\/7059"}],"wp:attachment":[{"href":"https:\/\/agora.xtec.cat\/ceip-torre-llauder-mataro\/wp-json\/wp\/v2\/media?parent=7055"}],"wp:term":[{"taxonomy":"category","embeddable":true,"href":"https:\/\/agora.xtec.cat\/ceip-torre-llauder-mataro\/wp-json\/wp\/v2\/categories?post=7055"},{"taxonomy":"post_tag","embeddable":true,"href":"https:\/\/agora.xtec.cat\/ceip-torre-llauder-mataro\/wp-json\/wp\/v2\/tags?post=7055"}],"curies":[{"name":"wp","href":"https:\/\/api.w.org\/{rel}","templated":true}]}}