{"id":7023,"date":"2025-04-09T15:45:03","date_gmt":"2025-04-09T13:45:03","guid":{"rendered":"https:\/\/agora.xtec.cat\/ceip-torre-llauder-mataro\/?p=7023"},"modified":"2025-04-09T15:47:59","modified_gmt":"2025-04-09T13:47:59","slug":"xxv-trobada-de-gegants-descola-de-catalunya","status":"publish","type":"post","link":"https:\/\/agora.xtec.cat\/ceip-torre-llauder-mataro\/general\/xxv-trobada-de-gegants-descola-de-catalunya\/","title":{"rendered":"XXV TROBADA DE GEGANTS D\u2019ESCOLA DE CATALUNYA"},"content":{"rendered":"<p>Bon dia fam\u00edlies!<\/p>\n<p style=\"text-align: justify;\">El passat\u00a0<span style=\"color: #169179;\"><strong>diumenge 6 d\u2019abril<\/strong><\/span>\u00a0<span style=\"color: #2dc26b;\"><strong>l\u2019escola es va convertir en una festa<\/strong><\/span>\u00a0<span style=\"color: #169179;\">i\u00a0<strong>va acollir 47 colles geganteres d\u2019escoles de tota Catalunya<\/strong><strong>!<\/strong><\/span>\u00a0El Llauderet i el Joanet, com a amfitrions, van\u00a0<span style=\"color: #e67e23;\"><strong>acollir 2000 persones<\/strong><\/span>\u00a0que van gaudir d\u2019un magn\u00edfic dia. \u00c9reu molt(e)s all\u00e0 presents. Moltes gr\u00e0cies!<\/p>\n<p style=\"text-align: justify;\">Va ser tot un \u00e8xit gr\u00e0cies a l\u2019organitzaci\u00f3 tant cuidada de la Coordinadora de Colles Geganteres de Matar\u00f3, a qui agra\u00efm molt tota la feina i la cura amb la nostra escola! Aix\u00ed com a tothom que volunt\u00e0riament va col\u00b7laborar per fer aix\u00f2 possible.<\/p>\n<p style=\"text-align: justify;\">Si voleu veure imatges de la jornada:\u00a0<a href=\"https:\/\/www.instagram.com\/gegantllauderet\/\">https:\/\/www.instagram.com\/gegantllauderet\/<\/a><\/p>\n<p><a href=\"https:\/\/www.instagram.com\/gegantllauderet\/\"><img loading=\"lazy\" decoding=\"async\" style=\"display: block; margin-left: auto; margin-right: auto;\" src=\"https:\/\/images.tpvescola.com?getfile=3Ugx7p4joyCQ%2BRs3%2BNy0c7IcYajnYgjql5aYIobaPjk%3D\" width=\"240\" height=\"178\" \/><\/a><\/p>\n<p style=\"text-align: justify;\">La colla gegantera del Torre Llauder \u00e9s un component vital de l\u2019escola. Us convidem a venir a fer de portador(e)s, percussi\u00f3 o a animar i fer festa.<\/p>\n<p style=\"text-align: center;\"><span style=\"color: #843fa1; background-color: #eccafa;\"><strong>Propera sortida: Sant Jordi.<\/strong><\/span><\/p>\n<p style=\"text-align: center;\">Us esperem!<\/p>\n","protected":false},"excerpt":{"rendered":"<p>Bon dia fam\u00edlies! El passat\u00a0diumenge 6 d\u2019abril\u00a0l\u2019escola es va convertir en una festa\u00a0i\u00a0va acollir 47 colles geganteres d\u2019escoles de tota Catalunya!\u00a0El Llauderet i el Joanet, com a amfitrions, van\u00a0acollir 2000 persones\u00a0que van gaudir d\u2019un magn\u00edfic dia. \u00c9reu molt(e)s all\u00e0 presents. Moltes gr\u00e0cies! Va ser tot un \u00e8xit gr\u00e0cies a l\u2019organitzaci\u00f3 tant cuidada de la Coordinadora [&hellip;]<\/p>\n","protected":false},"author":19,"featured_media":7024,"comment_status":"open","ping_status":"closed","sticky":false,"template":"","format":"standard","meta":{"_bbp_topic_count":0,"_bbp_reply_count":0,"_bbp_total_topic_count":0,"_bbp_total_reply_count":0,"_bbp_voice_count":0,"_bbp_anonymous_reply_count":0,"_bbp_topic_count_hidden":0,"_bbp_reply_count_hidden":0,"_bbp_forum_subforum_count":0,"site-sidebar-layout":"default","site-content-layout":"","ast-site-content-layout":"","site-content-style":"default","site-sidebar-style":"default","ast-global-header-display":"","ast-banner-title-visibility":"","ast-main-header-display":"","ast-hfb-above-header-display":"","ast-hfb-below-header-display":"","ast-hfb-mobile-header-display":"","site-post-title":"","ast-breadcrumbs-content":"","ast-featured-img":"","footer-sml-layout":"","theme-transparent-header-meta":"","adv-header-id-meta":"","stick-header-meta":"","header-above-stick-meta":"","header-main-stick-meta":"","header-below-stick-meta":"","astra-migrate-meta-layouts":"default","ast-page-background-enabled":"default","ast-page-background-meta":{"desktop":{"background-color":"var(--ast-global-color-4)","background-image":"","background-repeat":"repeat","background-position":"center center","background-size":"auto","background-attachment":"scroll","background-type":"","background-media":"","overlay-type":"","overlay-color":"","overlay-opacity":"","overlay-gradient":""},"tablet":{"background-color":"","background-image":"","background-repeat":"repeat","background-position":"center center","background-size":"auto","background-attachment":"scroll","background-type":"","background-media":"","overlay-type":"","overlay-color":"","overlay-opacity":"","overlay-gradient":""},"mobile":{"background-color":"","background-image":"","background-repeat":"repeat","background-position":"center center","background-size":"auto","background-attachment":"scroll","background-type":"","background-media":"","overlay-type":"","overlay-color":"","overlay-opacity":"","overlay-gradient":""}},"ast-content-background-meta":{"desktop":{"background-color":"var(--ast-global-color-5)","background-image":"","background-repeat":"repeat","background-position":"center center","background-size":"auto","background-attachment":"scroll","background-type":"","background-media":"","overlay-type":"","overlay-color":"","overlay-opacity":"","overlay-gradient":""},"tablet":{"background-color":"var(--ast-global-color-5)","background-image":"","background-repeat":"repeat","background-position":"center center","background-size":"auto","background-attachment":"scroll","background-type":"","background-media":"","overlay-type":"","overlay-color":"","overlay-opacity":"","overlay-gradient":""},"mobile":{"background-color":"var(--ast-global-color-5)","background-image":"","background-repeat":"repeat","background-position":"center center","background-size":"auto","background-attachment":"scroll","background-type":"","background-media":"","overlay-type":"","overlay-color":"","overlay-opacity":"","overlay-gradient":""}},"footnotes":""},"categories":[1,4],"tags":[],"class_list":["post-7023","post","type-post","status-publish","format-standard","has-post-thumbnail","hentry","category-general","category-portada"],"post_mailing_queue_ids":[],"_links":{"self":[{"href":"https:\/\/agora.xtec.cat\/ceip-torre-llauder-mataro\/wp-json\/wp\/v2\/posts\/7023","targetHints":{"allow":["GET"]}}],"collection":[{"href":"https:\/\/agora.xtec.cat\/ceip-torre-llauder-mataro\/wp-json\/wp\/v2\/posts"}],"about":[{"href":"https:\/\/agora.xtec.cat\/ceip-torre-llauder-mataro\/wp-json\/wp\/v2\/types\/post"}],"author":[{"embeddable":true,"href":"https:\/\/agora.xtec.cat\/ceip-torre-llauder-mataro\/wp-json\/wp\/v2\/users\/19"}],"replies":[{"embeddable":true,"href":"https:\/\/agora.xtec.cat\/ceip-torre-llauder-mataro\/wp-json\/wp\/v2\/comments?post=7023"}],"version-history":[{"count":1,"href":"https:\/\/agora.xtec.cat\/ceip-torre-llauder-mataro\/wp-json\/wp\/v2\/posts\/7023\/revisions"}],"predecessor-version":[{"id":7025,"href":"https:\/\/agora.xtec.cat\/ceip-torre-llauder-mataro\/wp-json\/wp\/v2\/posts\/7023\/revisions\/7025"}],"wp:featuredmedia":[{"embeddable":true,"href":"https:\/\/agora.xtec.cat\/ceip-torre-llauder-mataro\/wp-json\/wp\/v2\/media\/7024"}],"wp:attachment":[{"href":"https:\/\/agora.xtec.cat\/ceip-torre-llauder-mataro\/wp-json\/wp\/v2\/media?parent=7023"}],"wp:term":[{"taxonomy":"category","embeddable":true,"href":"https:\/\/agora.xtec.cat\/ceip-torre-llauder-mataro\/wp-json\/wp\/v2\/categories?post=7023"},{"taxonomy":"post_tag","embeddable":true,"href":"https:\/\/agora.xtec.cat\/ceip-torre-llauder-mataro\/wp-json\/wp\/v2\/tags?post=7023"}],"curies":[{"name":"wp","href":"https:\/\/api.w.org\/{rel}","templated":true}]}}