{"id":6871,"date":"2025-01-24T20:26:32","date_gmt":"2025-01-24T19:26:32","guid":{"rendered":"https:\/\/agora.xtec.cat\/ceip-torre-llauder-mataro\/?p=6871"},"modified":"2025-02-02T11:08:35","modified_gmt":"2025-02-02T10:08:35","slug":"infantil-al-museu-tecnologic-de-terrassa","status":"publish","type":"post","link":"https:\/\/agora.xtec.cat\/ceip-torre-llauder-mataro\/general\/infantil-al-museu-tecnologic-de-terrassa\/","title":{"rendered":"Infantil al Museu tecnol\u00f2gic de Terrassa"},"content":{"rendered":"<p>Avui els nens i nenes d&#8217;infantil han realitzat la visita al MNACTEC (Museu de la Ci\u00e8ncia i la T\u00e8cnica de Catalunya), ha estat superinteressant!! Hi havia tantes coses per veure, fer i tocar que ens hem quedat amb ganes de m\u00e9s. Al museu hem vist exposicions sobre petits electrodom\u00e8stics, autom\u00f2bils, trens&#8230; i zones interactives de l&#8217;ENERGIA i, tamb\u00e9, dels cos hum\u00e0.<\/p>\n<p>A mig mat\u00ed hem tingut una bona estona per experimentar a tope al rac\u00f3 EXPLORA!!!<\/p>\n<p>I per acabar, dinar i joc al parc de Sant Jordi!!<\/p>\n<p><a href=\"https:\/\/photos.app.goo.gl\/AnTsD7ntT3fSu9iL7\">Dia rod\u00f3 a Terrassa i al MNACTEC!!!<\/a><\/p>\n","protected":false},"excerpt":{"rendered":"<p>Avui els nens i nenes d&#8217;infantil han realitzat la visita al MNACTEC (Museu de la Ci\u00e8ncia i la T\u00e8cnica de Catalunya), ha estat superinteressant!! Hi havia tantes coses per veure, fer i tocar que ens hem quedat amb ganes de m\u00e9s. Al museu hem vist&hellip;  <a href=\"https:\/\/agora.xtec.cat\/ceip-torre-llauder-mataro\/general\/infantil-al-museu-tecnologic-de-terrassa\/\" title=\"Read Infantil al Museu tecnol\u00f2gic de Terrassa\">Llegeix m\u00e9s\u00bb<\/a><\/p>\n","protected":false},"author":21,"featured_media":6875,"comment_status":"open","ping_status":"closed","sticky":false,"template":"","format":"standard","meta":{"_bbp_topic_count":0,"_bbp_reply_count":0,"_bbp_total_topic_count":0,"_bbp_total_reply_count":0,"_bbp_voice_count":0,"_bbp_anonymous_reply_count":0,"_bbp_topic_count_hidden":0,"_bbp_reply_count_hidden":0,"_bbp_forum_subforum_count":0,"footnotes":""},"categories":[1,83,3,8,2],"tags":[],"class_list":["post-6871","post","type-post","status-publish","format-standard","has-post-thumbnail","hentry","category-general","category-i3","category-i4","category-i5","category-infantil"],"post_mailing_queue_ids":[],"_links":{"self":[{"href":"https:\/\/agora.xtec.cat\/ceip-torre-llauder-mataro\/wp-json\/wp\/v2\/posts\/6871","targetHints":{"allow":["GET"]}}],"collection":[{"href":"https:\/\/agora.xtec.cat\/ceip-torre-llauder-mataro\/wp-json\/wp\/v2\/posts"}],"about":[{"href":"https:\/\/agora.xtec.cat\/ceip-torre-llauder-mataro\/wp-json\/wp\/v2\/types\/post"}],"author":[{"embeddable":true,"href":"https:\/\/agora.xtec.cat\/ceip-torre-llauder-mataro\/wp-json\/wp\/v2\/users\/21"}],"replies":[{"embeddable":true,"href":"https:\/\/agora.xtec.cat\/ceip-torre-llauder-mataro\/wp-json\/wp\/v2\/comments?post=6871"}],"version-history":[{"count":4,"href":"https:\/\/agora.xtec.cat\/ceip-torre-llauder-mataro\/wp-json\/wp\/v2\/posts\/6871\/revisions"}],"predecessor-version":[{"id":6891,"href":"https:\/\/agora.xtec.cat\/ceip-torre-llauder-mataro\/wp-json\/wp\/v2\/posts\/6871\/revisions\/6891"}],"wp:featuredmedia":[{"embeddable":true,"href":"https:\/\/agora.xtec.cat\/ceip-torre-llauder-mataro\/wp-json\/wp\/v2\/media\/6875"}],"wp:attachment":[{"href":"https:\/\/agora.xtec.cat\/ceip-torre-llauder-mataro\/wp-json\/wp\/v2\/media?parent=6871"}],"wp:term":[{"taxonomy":"category","embeddable":true,"href":"https:\/\/agora.xtec.cat\/ceip-torre-llauder-mataro\/wp-json\/wp\/v2\/categories?post=6871"},{"taxonomy":"post_tag","embeddable":true,"href":"https:\/\/agora.xtec.cat\/ceip-torre-llauder-mataro\/wp-json\/wp\/v2\/tags?post=6871"}],"curies":[{"name":"wp","href":"https:\/\/api.w.org\/{rel}","templated":true}]}}