{"id":6849,"date":"2024-12-20T17:05:16","date_gmt":"2024-12-20T16:05:16","guid":{"rendered":"https:\/\/agora.xtec.cat\/ceip-torre-llauder-mataro\/?p=6849"},"modified":"2024-12-22T13:44:22","modified_gmt":"2024-12-22T12:44:22","slug":"celebrem-el-nadal-5","status":"publish","type":"post","link":"https:\/\/agora.xtec.cat\/ceip-torre-llauder-mataro\/general\/celebrem-el-nadal-5\/","title":{"rendered":"CELEBREM EL NADAL!"},"content":{"rendered":"<p>Benvolgudes fam\u00edlies,<\/p>\n<p>Amb molta il.lusi\u00f3 us presentem un <strong>recull de fotografies i v\u00eddeos<\/strong> de totes les <strong>activitats que hem dinamitzat a l&#8217;escola per celebrar el Nadal<\/strong>.<\/p>\n<table style=\"border-collapse: collapse; width: 100%; height: 160px;\">\n<tbody>\n<tr style=\"height: 40px;\">\n<td style=\"width: 50%; text-align: center; height: 40px;\"><a href=\"https:\/\/photos.app.goo.gl\/vUt4vGKjvA8JxzFn9\" target=\"_blank\" rel=\"noopener\"><strong>CONCERT Cicle Mitj\u00e0 i Superior<\/strong><\/a><\/td>\n<td style=\"width: 50%; text-align: center; height: 40px;\"><a href=\"https:\/\/photos.app.goo.gl\/z1cU652TPyfGUs6e8\" target=\"_blank\" rel=\"noopener\"><strong>CONCERT Ed. Infantil i Cicle Inicial<\/strong><\/a><\/td>\n<\/tr>\n<tr style=\"height: 40px;\">\n<td style=\"width: 50%; text-align: center; height: 40px;\"><a href=\"https:\/\/photos.app.goo.gl\/vUt4vGKjvA8JxzFn9\" target=\"_blank\" rel=\"noopener\"><img loading=\"lazy\" decoding=\"async\" class=\"alignnone wp-image-5667 size-large\" src=\"https:\/\/agora.xtec.cat\/ceip-torre-llauder-mataro\/wp-content\/uploads\/usu1425\/2022\/12\/Postal-Felicitaciones-de-Temporada-Clasico-Sencillo-2-1024x726.png\" alt=\"\" width=\"1024\" height=\"726\" srcset=\"https:\/\/agora.xtec.cat\/ceip-torre-llauder-mataro\/wp-content\/uploads\/usu1425\/2022\/12\/Postal-Felicitaciones-de-Temporada-Clasico-Sencillo-2-1024x726.png 1024w, https:\/\/agora.xtec.cat\/ceip-torre-llauder-mataro\/wp-content\/uploads\/usu1425\/2022\/12\/Postal-Felicitaciones-de-Temporada-Clasico-Sencillo-2-300x213.png 300w, https:\/\/agora.xtec.cat\/ceip-torre-llauder-mataro\/wp-content\/uploads\/usu1425\/2022\/12\/Postal-Felicitaciones-de-Temporada-Clasico-Sencillo-2-768x545.png 768w, https:\/\/agora.xtec.cat\/ceip-torre-llauder-mataro\/wp-content\/uploads\/usu1425\/2022\/12\/Postal-Felicitaciones-de-Temporada-Clasico-Sencillo-2-1536x1090.png 1536w, https:\/\/agora.xtec.cat\/ceip-torre-llauder-mataro\/wp-content\/uploads\/usu1425\/2022\/12\/Postal-Felicitaciones-de-Temporada-Clasico-Sencillo-2.png 1748w\" sizes=\"auto, (max-width: 1024px) 100vw, 1024px\" \/><\/a><\/td>\n<td style=\"width: 50%; text-align: center; height: 40px;\"><a href=\"https:\/\/photos.app.goo.gl\/z1cU652TPyfGUs6e8\" target=\"_blank\" rel=\"noopener\"><img loading=\"lazy\" decoding=\"async\" class=\"alignnone wp-image-5668 size-large\" src=\"https:\/\/agora.xtec.cat\/ceip-torre-llauder-mataro\/wp-content\/uploads\/usu1425\/2022\/12\/Postal-Felicitaciones-de-Temporada-Clasico-Sencillo-1-1024x726.png\" alt=\"\" width=\"1024\" height=\"726\" srcset=\"https:\/\/agora.xtec.cat\/ceip-torre-llauder-mataro\/wp-content\/uploads\/usu1425\/2022\/12\/Postal-Felicitaciones-de-Temporada-Clasico-Sencillo-1-1024x726.png 1024w, https:\/\/agora.xtec.cat\/ceip-torre-llauder-mataro\/wp-content\/uploads\/usu1425\/2022\/12\/Postal-Felicitaciones-de-Temporada-Clasico-Sencillo-1-300x213.png 300w, https:\/\/agora.xtec.cat\/ceip-torre-llauder-mataro\/wp-content\/uploads\/usu1425\/2022\/12\/Postal-Felicitaciones-de-Temporada-Clasico-Sencillo-1-768x545.png 768w, https:\/\/agora.xtec.cat\/ceip-torre-llauder-mataro\/wp-content\/uploads\/usu1425\/2022\/12\/Postal-Felicitaciones-de-Temporada-Clasico-Sencillo-1-1536x1090.png 1536w, https:\/\/agora.xtec.cat\/ceip-torre-llauder-mataro\/wp-content\/uploads\/usu1425\/2022\/12\/Postal-Felicitaciones-de-Temporada-Clasico-Sencillo-1.png 1748w\" sizes=\"auto, (max-width: 1024px) 100vw, 1024px\" \/><\/a><\/td>\n<\/tr>\n<tr style=\"height: 40px;\">\n<td style=\"width: 50%; text-align: center; height: 40px;\"><a href=\"https:\/\/photos.app.goo.gl\/F3kEKykdU5an99Ed7\" target=\"_blank\" rel=\"noopener\"><strong>DIVENDRES 20 de DESEMBRE<\/strong><\/a><\/td>\n<td style=\"width: 50%; text-align: center; height: 40px;\"><a href=\"https:\/\/photos.app.goo.gl\/jk4sfp88gcVd2V2u5\" target=\"_blank\" rel=\"noopener\"><strong>ALTRES ACTIVITATS DE NADAL<\/strong><\/a><\/td>\n<\/tr>\n<tr style=\"height: 40px;\">\n<td style=\"width: 50%; height: 40px;\"><a href=\"https:\/\/photos.app.goo.gl\/F3kEKykdU5an99Ed7\" target=\"_blank\" rel=\"noopener\"><img loading=\"lazy\" decoding=\"async\" class=\"alignnone wp-image-5669 size-large\" src=\"https:\/\/agora.xtec.cat\/ceip-torre-llauder-mataro\/wp-content\/uploads\/usu1425\/2022\/12\/Postal-Felicitaciones-de-Temporada-Clasico-Sencillo-1024x726.jpg\" alt=\"\" width=\"1024\" height=\"726\" srcset=\"https:\/\/agora.xtec.cat\/ceip-torre-llauder-mataro\/wp-content\/uploads\/usu1425\/2022\/12\/Postal-Felicitaciones-de-Temporada-Clasico-Sencillo-1024x726.jpg 1024w, https:\/\/agora.xtec.cat\/ceip-torre-llauder-mataro\/wp-content\/uploads\/usu1425\/2022\/12\/Postal-Felicitaciones-de-Temporada-Clasico-Sencillo-300x213.jpg 300w, https:\/\/agora.xtec.cat\/ceip-torre-llauder-mataro\/wp-content\/uploads\/usu1425\/2022\/12\/Postal-Felicitaciones-de-Temporada-Clasico-Sencillo-768x545.jpg 768w, https:\/\/agora.xtec.cat\/ceip-torre-llauder-mataro\/wp-content\/uploads\/usu1425\/2022\/12\/Postal-Felicitaciones-de-Temporada-Clasico-Sencillo-1536x1090.jpg 1536w, https:\/\/agora.xtec.cat\/ceip-torre-llauder-mataro\/wp-content\/uploads\/usu1425\/2022\/12\/Postal-Felicitaciones-de-Temporada-Clasico-Sencillo.jpg 1748w\" sizes=\"auto, (max-width: 1024px) 100vw, 1024px\" \/><\/a><\/td>\n<td style=\"width: 50%; height: 40px;\"><a href=\"https:\/\/photos.app.goo.gl\/jk4sfp88gcVd2V2u5\" target=\"_blank\" rel=\"noopener\"><img loading=\"lazy\" decoding=\"async\" class=\"alignnone wp-image-6851 size-large\" src=\"https:\/\/agora.xtec.cat\/ceip-torre-llauder-mataro\/wp-content\/uploads\/usu1425\/2024\/12\/Postal-de-Nadal24-1024x726.png\" alt=\"\" width=\"1024\" height=\"726\" srcset=\"https:\/\/agora.xtec.cat\/ceip-torre-llauder-mataro\/wp-content\/uploads\/usu1425\/2024\/12\/Postal-de-Nadal24-1024x726.png 1024w, https:\/\/agora.xtec.cat\/ceip-torre-llauder-mataro\/wp-content\/uploads\/usu1425\/2024\/12\/Postal-de-Nadal24-300x213.png 300w, https:\/\/agora.xtec.cat\/ceip-torre-llauder-mataro\/wp-content\/uploads\/usu1425\/2024\/12\/Postal-de-Nadal24-768x545.png 768w, https:\/\/agora.xtec.cat\/ceip-torre-llauder-mataro\/wp-content\/uploads\/usu1425\/2024\/12\/Postal-de-Nadal24-1536x1090.png 1536w, https:\/\/agora.xtec.cat\/ceip-torre-llauder-mataro\/wp-content\/uploads\/usu1425\/2024\/12\/Postal-de-Nadal24.png 1748w\" sizes=\"auto, (max-width: 1024px) 100vw, 1024px\" \/><\/a><\/td>\n<\/tr>\n<\/tbody>\n<\/table>\n<p>Aprofitem per desitjar-vos un <strong>Bon Nadal\u00a0 i un Feli\u00e7 2025<\/strong> amb la v\u00eddeo-nadala que hem creat aquest curs, amb la can\u00e7\u00f3 de la Miriam Berrocal: <span style=\"font-size: large;\"><b><a href=\"https:\/\/drive.google.com\/file\/d\/1kjTYOKsuHOOCVfMgoWo3M4zkbK-y44HS\/view?usp=sharing\" target=\"_blank\" rel=\"noopener\" data-saferedirecturl=\"https:\/\/www.google.com\/url?q=https:\/\/drive.google.com\/file\/d\/1kjTYOKsuHOOCVfMgoWo3M4zkbK-y44HS\/view?usp%3Dsharing&amp;source=gmail&amp;ust=1734626380243000&amp;usg=AOvVaw3a2JKRMbrx1RjYC-ZKYDKc\">\u00c9S NADAL<\/a><\/b>\u00a0<\/span><img loading=\"lazy\" decoding=\"async\" class=\"an1\" draggable=\"false\" src=\"https:\/\/fonts.gstatic.com\/s\/e\/notoemoji\/15.1\/1f60a\/72.png\" alt=\"\ud83d\ude0a\" width=\"22\" height=\"22\" data-emoji=\"\ud83d\ude0a\" aria-label=\"\ud83d\ude0a\" \/><\/p>\n<p><a href=\"https:\/\/drive.google.com\/file\/d\/1kjTYOKsuHOOCVfMgoWo3M4zkbK-y44HS\/view?usp=sharing\" target=\"_blank\" rel=\"noopener\"><img loading=\"lazy\" decoding=\"async\" class=\"aligncenter wp-image-6852\" src=\"https:\/\/agora.xtec.cat\/ceip-torre-llauder-mataro\/wp-content\/uploads\/usu1425\/2024\/12\/es-nadal.jpg\" alt=\"\" width=\"409\" height=\"231\" srcset=\"https:\/\/agora.xtec.cat\/ceip-torre-llauder-mataro\/wp-content\/uploads\/usu1425\/2024\/12\/es-nadal.jpg 845w, https:\/\/agora.xtec.cat\/ceip-torre-llauder-mataro\/wp-content\/uploads\/usu1425\/2024\/12\/es-nadal-300x169.jpg 300w, https:\/\/agora.xtec.cat\/ceip-torre-llauder-mataro\/wp-content\/uploads\/usu1425\/2024\/12\/es-nadal-768x434.jpg 768w\" sizes=\"auto, (max-width: 409px) 100vw, 409px\" \/><\/a><\/p>\n<div class=\"gmail_default\"><\/div>\n","protected":false},"excerpt":{"rendered":"<p>Benvolgudes fam\u00edlies,<br \/>\nAmb molta il.lusi\u00f3 us presentem un recull de fotografies i v\u00eddeos de totes les activitats que hem dinamitzat a l&#8217;escola per celebrar el Nadal.<\/p>\n<p><a href=\"https:\/\/photos.app.goo.gl\/vUt4vGKjvA8JxzFn9\" target=\"_blank\" rel=\"noopener\">CONCERT Cicle Mitj\u00e0 i Superior<\/a><br \/>\n<a href=\"https:\/\/photos.app.goo.gl\/z1cU652TPyfGUs6e8\" target=\"_blank\" rel=\"noopener\">CONCERT Ed. Infantil i Cicle Inicial<\/a><\/p>\n<p><a href=\"https:\/\/photos.app.goo.gl\/vUt4vGKjvA8JxzFn9\" target=\"_blank\" rel=\"noopener\"><\/a><br \/>\n<a href=\"https:\/\/photos.app.goo.gl\/z1cU652TPyfGUs6e8\" target=\"_blank\"&hellip;  <a href=\"https:\/\/agora.xtec.cat\/ceip-torre-llauder-mataro\/general\/celebrem-el-nadal-5\/\" title=\"Read CELEBREM EL NADAL!\">Llegeix m\u00e9s\u00bb<\/a><\/p>\n","protected":false},"author":19,"featured_media":6851,"comment_status":"open","ping_status":"closed","sticky":false,"template":"","format":"standard","meta":{"_bbp_topic_count":0,"_bbp_reply_count":0,"_bbp_total_topic_count":0,"_bbp_total_reply_count":0,"_bbp_voice_count":0,"_bbp_anonymous_reply_count":0,"_bbp_topic_count_hidden":0,"_bbp_reply_count_hidden":0,"_bbp_forum_subforum_count":0,"footnotes":""},"categories":[1,4],"tags":[],"class_list":["post-6849","post","type-post","status-publish","format-standard","has-post-thumbnail","hentry","category-general","category-portada"],"post_mailing_queue_ids":[],"_links":{"self":[{"href":"https:\/\/agora.xtec.cat\/ceip-torre-llauder-mataro\/wp-json\/wp\/v2\/posts\/6849","targetHints":{"allow":["GET"]}}],"collection":[{"href":"https:\/\/agora.xtec.cat\/ceip-torre-llauder-mataro\/wp-json\/wp\/v2\/posts"}],"about":[{"href":"https:\/\/agora.xtec.cat\/ceip-torre-llauder-mataro\/wp-json\/wp\/v2\/types\/post"}],"author":[{"embeddable":true,"href":"https:\/\/agora.xtec.cat\/ceip-torre-llauder-mataro\/wp-json\/wp\/v2\/users\/19"}],"replies":[{"embeddable":true,"href":"https:\/\/agora.xtec.cat\/ceip-torre-llauder-mataro\/wp-json\/wp\/v2\/comments?post=6849"}],"version-history":[{"count":4,"href":"https:\/\/agora.xtec.cat\/ceip-torre-llauder-mataro\/wp-json\/wp\/v2\/posts\/6849\/revisions"}],"predecessor-version":[{"id":6862,"href":"https:\/\/agora.xtec.cat\/ceip-torre-llauder-mataro\/wp-json\/wp\/v2\/posts\/6849\/revisions\/6862"}],"wp:featuredmedia":[{"embeddable":true,"href":"https:\/\/agora.xtec.cat\/ceip-torre-llauder-mataro\/wp-json\/wp\/v2\/media\/6851"}],"wp:attachment":[{"href":"https:\/\/agora.xtec.cat\/ceip-torre-llauder-mataro\/wp-json\/wp\/v2\/media?parent=6849"}],"wp:term":[{"taxonomy":"category","embeddable":true,"href":"https:\/\/agora.xtec.cat\/ceip-torre-llauder-mataro\/wp-json\/wp\/v2\/categories?post=6849"},{"taxonomy":"post_tag","embeddable":true,"href":"https:\/\/agora.xtec.cat\/ceip-torre-llauder-mataro\/wp-json\/wp\/v2\/tags?post=6849"}],"curies":[{"name":"wp","href":"https:\/\/api.w.org\/{rel}","templated":true}]}}