{"id":6829,"date":"2024-11-16T03:22:03","date_gmt":"2024-11-16T02:22:03","guid":{"rendered":"https:\/\/agora.xtec.cat\/ceip-torre-llauder-mataro\/?p=6829"},"modified":"2024-11-18T09:19:49","modified_gmt":"2024-11-18T08:19:49","slug":"5e-visita-el-parlament-i-el-museu-bansky","status":"publish","type":"post","link":"https:\/\/agora.xtec.cat\/ceip-torre-llauder-mataro\/general\/5e-visita-el-parlament-i-el-museu-bansky\/","title":{"rendered":"5\u00e8 VISITA EL PARLAMENT i EL MUSEU BANSKY"},"content":{"rendered":"<p>L&#8217;alumnat de cinqu\u00e8 ha tingut l\u2019oportunitat de visitar el Parlament de Catalunya en una jornada plena d\u2019aprenentatges i d&#8217;activitats. L\u2019excursi\u00f3 ha comen\u00e7at amb l\u2019arribada a les portes del Parlament.<\/p>\n<p>A continuaci\u00f3, s&#8217;ha\u00a0 iniciat una visita guiada per l\u2019interior del Parlament on s&#8217;han comentat aspectes sobre el funcionament d\u2019aquesta instituci\u00f3, la hist\u00f2ria pol\u00edtica de Catalunya i el paper dels diputats.<\/p>\n<p>Despr\u00e9s d&#8217;aquesta visita al Parlament, l&#8217;alumnat s&#8217;ha dirigit al Museu Bansky per a con\u00e8ixer algunes de les obres d&#8217;aquest artista an\u00f2nim i el seu significat,\u00a0 on el denominador com\u00fa sol ser la cr\u00edtica social, pol\u00edtica i econ\u00f2mica.<\/p>\n<p>Cliqueu la imatge per a veure les fotos.<\/p>\n<p><a href=\"https:\/\/photos.app.goo.gl\/kEtMcAKfusfE7vTP9\" target=\"_blank\" rel=\"noopener\"><img loading=\"lazy\" decoding=\"async\" class=\"alignleft wp-image-6830\" src=\"https:\/\/agora.xtec.cat\/ceip-torre-llauder-mataro\/wp-content\/uploads\/usu1425\/2024\/11\/IMG_20241115_103522-1024x520.jpg\" alt=\"\" width=\"754\" height=\"383\" srcset=\"https:\/\/agora.xtec.cat\/ceip-torre-llauder-mataro\/wp-content\/uploads\/usu1425\/2024\/11\/IMG_20241115_103522-1024x520.jpg 1024w, https:\/\/agora.xtec.cat\/ceip-torre-llauder-mataro\/wp-content\/uploads\/usu1425\/2024\/11\/IMG_20241115_103522-300x152.jpg 300w, https:\/\/agora.xtec.cat\/ceip-torre-llauder-mataro\/wp-content\/uploads\/usu1425\/2024\/11\/IMG_20241115_103522-768x390.jpg 768w, https:\/\/agora.xtec.cat\/ceip-torre-llauder-mataro\/wp-content\/uploads\/usu1425\/2024\/11\/IMG_20241115_103522.jpg 1187w\" sizes=\"auto, (max-width: 754px) 100vw, 754px\" \/><\/a><\/p>\n","protected":false},"excerpt":{"rendered":"<p>L&#8217;alumnat de cinqu\u00e8 ha tingut l\u2019oportunitat de visitar el Parlament de Catalunya en una jornada plena d\u2019aprenentatges i d&#8217;activitats. L\u2019excursi\u00f3 ha comen\u00e7at amb l\u2019arribada a les portes del Parlament.<br \/>\nA continuaci\u00f3, s&#8217;ha\u00a0 iniciat una visita guiada per l\u2019interior del Parlament on s&#8217;han comentat aspectes sobre el&hellip;  <a href=\"https:\/\/agora.xtec.cat\/ceip-torre-llauder-mataro\/general\/5e-visita-el-parlament-i-el-museu-bansky\/\" title=\"Read 5\u00e8 VISITA EL PARLAMENT i EL MUSEU BANSKY\">Llegeix m\u00e9s\u00bb<\/a><\/p>\n","protected":false},"author":37,"featured_media":6830,"comment_status":"open","ping_status":"closed","sticky":false,"template":"","format":"standard","meta":{"_bbp_topic_count":0,"_bbp_reply_count":0,"_bbp_total_topic_count":0,"_bbp_total_reply_count":0,"_bbp_voice_count":0,"_bbp_anonymous_reply_count":0,"_bbp_topic_count_hidden":0,"_bbp_reply_count_hidden":0,"_bbp_forum_subforum_count":0,"footnotes":""},"categories":[13,1,4,5],"tags":[93,16],"class_list":["post-6829","post","type-post","status-publish","format-standard","has-post-thumbnail","hentry","category-5e","category-general","category-portada","category-primaria","tag-medi-social-i-natural","tag-sortides"],"post_mailing_queue_ids":[],"_links":{"self":[{"href":"https:\/\/agora.xtec.cat\/ceip-torre-llauder-mataro\/wp-json\/wp\/v2\/posts\/6829","targetHints":{"allow":["GET"]}}],"collection":[{"href":"https:\/\/agora.xtec.cat\/ceip-torre-llauder-mataro\/wp-json\/wp\/v2\/posts"}],"about":[{"href":"https:\/\/agora.xtec.cat\/ceip-torre-llauder-mataro\/wp-json\/wp\/v2\/types\/post"}],"author":[{"embeddable":true,"href":"https:\/\/agora.xtec.cat\/ceip-torre-llauder-mataro\/wp-json\/wp\/v2\/users\/37"}],"replies":[{"embeddable":true,"href":"https:\/\/agora.xtec.cat\/ceip-torre-llauder-mataro\/wp-json\/wp\/v2\/comments?post=6829"}],"version-history":[{"count":1,"href":"https:\/\/agora.xtec.cat\/ceip-torre-llauder-mataro\/wp-json\/wp\/v2\/posts\/6829\/revisions"}],"predecessor-version":[{"id":6831,"href":"https:\/\/agora.xtec.cat\/ceip-torre-llauder-mataro\/wp-json\/wp\/v2\/posts\/6829\/revisions\/6831"}],"wp:featuredmedia":[{"embeddable":true,"href":"https:\/\/agora.xtec.cat\/ceip-torre-llauder-mataro\/wp-json\/wp\/v2\/media\/6830"}],"wp:attachment":[{"href":"https:\/\/agora.xtec.cat\/ceip-torre-llauder-mataro\/wp-json\/wp\/v2\/media?parent=6829"}],"wp:term":[{"taxonomy":"category","embeddable":true,"href":"https:\/\/agora.xtec.cat\/ceip-torre-llauder-mataro\/wp-json\/wp\/v2\/categories?post=6829"},{"taxonomy":"post_tag","embeddable":true,"href":"https:\/\/agora.xtec.cat\/ceip-torre-llauder-mataro\/wp-json\/wp\/v2\/tags?post=6829"}],"curies":[{"name":"wp","href":"https:\/\/api.w.org\/{rel}","templated":true}]}}