{"id":679,"date":"2016-10-28T21:00:35","date_gmt":"2016-10-28T19:00:35","guid":{"rendered":"http:\/\/agora.xtec.cat\/ceip-torre-llauder-mataro\/?p=679"},"modified":"2016-10-31T16:49:19","modified_gmt":"2016-10-31T15:49:19","slug":"recepta-de-tardor","status":"publish","type":"post","link":"https:\/\/agora.xtec.cat\/ceip-torre-llauder-mataro\/primaria\/recepta-de-tardor\/","title":{"rendered":"Recepta de tardor"},"content":{"rendered":"<p>Aquesta setmana els nens i nenes de segon hem fet recordatori d&#8217;un tipus de text que hem treballat molt: el text instructiu. Aquesta vegada per\u00f2 l&#8217;hem posat en pr\u00e0ctica, hem fet la recepta de tardor: unes crestes bon\u00edssimes!<\/p>\n<p>Aqu\u00ed teniu algunes imatges del proc\u00e9s d&#8217;elaboraci\u00f3.<\/p>\n<p>&nbsp;<\/p>\n<p><a href=\"https:\/\/goo.gl\/photos\/meTpSWyqCJzzNFUG6\">https:\/\/goo.gl\/photos\/meTpSWyqCJzzNFUG6<\/a><\/p>\n","protected":false},"excerpt":{"rendered":"<p>Aquesta setmana els nens i nenes de segon hem fet recordatori d&#8217;un tipus de text que hem treballat molt: el text instructiu. Aquesta vegada per\u00f2 l&#8217;hem posat en pr\u00e0ctica, hem fet la recepta de tardor: unes crestes bon\u00edssimes!<br \/>\nAqu\u00ed teniu algunes imatges del proc\u00e9s d&#8217;elaboraci\u00f3.<br \/>\n&nbsp;<br \/>\n<a href=\"https:\/\/goo.gl\/photos\/meTpSWyqCJzzNFUG6\">https:\/\/goo.gl\/photos\/meTpSWyqCJzzNFUG6<\/a><\/p>\n","protected":false},"author":16,"featured_media":680,"comment_status":"open","ping_status":"open","sticky":false,"template":"","format":"standard","meta":{"_bbp_topic_count":0,"_bbp_reply_count":0,"_bbp_total_topic_count":0,"_bbp_total_reply_count":0,"_bbp_voice_count":0,"_bbp_anonymous_reply_count":0,"_bbp_topic_count_hidden":0,"_bbp_reply_count_hidden":0,"_bbp_forum_subforum_count":0,"footnotes":""},"categories":[11,5],"tags":[],"class_list":["post-679","post","type-post","status-publish","format-standard","has-post-thumbnail","hentry","category-3r","category-primaria"],"post_mailing_queue_ids":[],"_links":{"self":[{"href":"https:\/\/agora.xtec.cat\/ceip-torre-llauder-mataro\/wp-json\/wp\/v2\/posts\/679","targetHints":{"allow":["GET"]}}],"collection":[{"href":"https:\/\/agora.xtec.cat\/ceip-torre-llauder-mataro\/wp-json\/wp\/v2\/posts"}],"about":[{"href":"https:\/\/agora.xtec.cat\/ceip-torre-llauder-mataro\/wp-json\/wp\/v2\/types\/post"}],"author":[{"embeddable":true,"href":"https:\/\/agora.xtec.cat\/ceip-torre-llauder-mataro\/wp-json\/wp\/v2\/users\/16"}],"replies":[{"embeddable":true,"href":"https:\/\/agora.xtec.cat\/ceip-torre-llauder-mataro\/wp-json\/wp\/v2\/comments?post=679"}],"version-history":[{"count":3,"href":"https:\/\/agora.xtec.cat\/ceip-torre-llauder-mataro\/wp-json\/wp\/v2\/posts\/679\/revisions"}],"predecessor-version":[{"id":693,"href":"https:\/\/agora.xtec.cat\/ceip-torre-llauder-mataro\/wp-json\/wp\/v2\/posts\/679\/revisions\/693"}],"wp:featuredmedia":[{"embeddable":true,"href":"https:\/\/agora.xtec.cat\/ceip-torre-llauder-mataro\/wp-json\/wp\/v2\/media\/680"}],"wp:attachment":[{"href":"https:\/\/agora.xtec.cat\/ceip-torre-llauder-mataro\/wp-json\/wp\/v2\/media?parent=679"}],"wp:term":[{"taxonomy":"category","embeddable":true,"href":"https:\/\/agora.xtec.cat\/ceip-torre-llauder-mataro\/wp-json\/wp\/v2\/categories?post=679"},{"taxonomy":"post_tag","embeddable":true,"href":"https:\/\/agora.xtec.cat\/ceip-torre-llauder-mataro\/wp-json\/wp\/v2\/tags?post=679"}],"curies":[{"name":"wp","href":"https:\/\/api.w.org\/{rel}","templated":true}]}}