{"id":6774,"date":"2024-10-24T17:35:15","date_gmt":"2024-10-24T15:35:15","guid":{"rendered":"https:\/\/agora.xtec.cat\/ceip-torre-llauder-mataro\/?p=6774"},"modified":"2024-10-24T17:35:15","modified_gmt":"2024-10-24T15:35:15","slug":"sortida-de-la-tardor-ed-infantil","status":"publish","type":"post","link":"https:\/\/agora.xtec.cat\/ceip-torre-llauder-mataro\/infantil\/sortida-de-la-tardor-ed-infantil\/","title":{"rendered":"Sortida de la TARDOR (Ed. Infantil)"},"content":{"rendered":"<p>Avui els nens i nenes d&#8217;Educaci\u00f3 Infantil hem anat a la granja Can Plana a gaudir del bosc durant aquesta bonica estaci\u00f3 de l&#8217;any que \u00e9s la tardor. Hem trobat un munt de tresors que hem portat cap a l&#8217;escola, i tamb\u00e9, hem trobat castanyes!!<\/p>\n<p>La castanyera ens les ha torrat i amb ella ens les hem menjat, quina emoci\u00f3!!!<\/p>\n<p>A m\u00e9s, hem aprofitat per saludar uns quants animals que viuen a la granja.<\/p>\n<p>Ha fet un dia molt maco i ho hem passat molt b\u00e9!!<a href=\"https:\/\/photos.app.goo.gl\/BY3KDa8rT9nFWa9e7\"> Mireu aqu\u00ed les fotos<\/a><\/p>\n","protected":false},"excerpt":{"rendered":"<p>Avui els nens i nenes d&#8217;Educaci\u00f3 Infantil hem anat a la granja Can Plana a gaudir del bosc durant aquesta bonica estaci\u00f3 de l&#8217;any que \u00e9s la tardor. Hem trobat un munt de tresors que hem portat cap a l&#8217;escola, i tamb\u00e9, hem trobat castanyes!!<br \/>\nLa&hellip;  <a href=\"https:\/\/agora.xtec.cat\/ceip-torre-llauder-mataro\/infantil\/sortida-de-la-tardor-ed-infantil\/\" title=\"Read Sortida de la TARDOR (Ed. Infantil)\">Llegeix m\u00e9s\u00bb<\/a><\/p>\n","protected":false},"author":21,"featured_media":0,"comment_status":"open","ping_status":"closed","sticky":false,"template":"","format":"standard","meta":{"_bbp_topic_count":0,"_bbp_reply_count":0,"_bbp_total_topic_count":0,"_bbp_total_reply_count":0,"_bbp_voice_count":0,"_bbp_anonymous_reply_count":0,"_bbp_topic_count_hidden":0,"_bbp_reply_count_hidden":0,"_bbp_forum_subforum_count":0,"footnotes":""},"categories":[83,3,8,2],"tags":[],"class_list":["post-6774","post","type-post","status-publish","format-standard","hentry","category-i3","category-i4","category-i5","category-infantil"],"post_mailing_queue_ids":[],"_links":{"self":[{"href":"https:\/\/agora.xtec.cat\/ceip-torre-llauder-mataro\/wp-json\/wp\/v2\/posts\/6774","targetHints":{"allow":["GET"]}}],"collection":[{"href":"https:\/\/agora.xtec.cat\/ceip-torre-llauder-mataro\/wp-json\/wp\/v2\/posts"}],"about":[{"href":"https:\/\/agora.xtec.cat\/ceip-torre-llauder-mataro\/wp-json\/wp\/v2\/types\/post"}],"author":[{"embeddable":true,"href":"https:\/\/agora.xtec.cat\/ceip-torre-llauder-mataro\/wp-json\/wp\/v2\/users\/21"}],"replies":[{"embeddable":true,"href":"https:\/\/agora.xtec.cat\/ceip-torre-llauder-mataro\/wp-json\/wp\/v2\/comments?post=6774"}],"version-history":[{"count":1,"href":"https:\/\/agora.xtec.cat\/ceip-torre-llauder-mataro\/wp-json\/wp\/v2\/posts\/6774\/revisions"}],"predecessor-version":[{"id":6775,"href":"https:\/\/agora.xtec.cat\/ceip-torre-llauder-mataro\/wp-json\/wp\/v2\/posts\/6774\/revisions\/6775"}],"wp:attachment":[{"href":"https:\/\/agora.xtec.cat\/ceip-torre-llauder-mataro\/wp-json\/wp\/v2\/media?parent=6774"}],"wp:term":[{"taxonomy":"category","embeddable":true,"href":"https:\/\/agora.xtec.cat\/ceip-torre-llauder-mataro\/wp-json\/wp\/v2\/categories?post=6774"},{"taxonomy":"post_tag","embeddable":true,"href":"https:\/\/agora.xtec.cat\/ceip-torre-llauder-mataro\/wp-json\/wp\/v2\/tags?post=6774"}],"curies":[{"name":"wp","href":"https:\/\/api.w.org\/{rel}","templated":true}]}}