{"id":6735,"date":"2024-08-30T14:22:30","date_gmt":"2024-08-30T12:22:30","guid":{"rendered":"https:\/\/agora.xtec.cat\/ceip-torre-llauder-mataro\/?p=6735"},"modified":"2024-08-31T18:40:06","modified_gmt":"2024-08-31T16:40:06","slug":"tornem-al-cole","status":"publish","type":"post","link":"https:\/\/agora.xtec.cat\/ceip-torre-llauder-mataro\/general\/tornem-al-cole\/","title":{"rendered":"Tornem al cole!"},"content":{"rendered":"<p>Benvolgudes fam\u00edlies,<\/p>\n<p>El proper\u00a0<strong><span style=\"color: #169179;\">dilluns 9 de setembre<\/span>\u00a0<\/strong>comencem l&#8217;escola!!!<\/p>\n<p>Ja fa dies que estem treballant de valent per organitzar el nou curs escolar.<\/p>\n<p>A continuaci\u00f3 us fem arribar informaci\u00f3 relativa als serveis que ofereix l&#8217;AFA de l&#8217;escola a trav\u00e9s d&#8217;Enlleura&#8217;t:\u00a0<strong><span style=\"color: #843fa1;\">MENJADOR,<\/span><\/strong>\u00a0<span style=\"color: #e67e23;\"><strong>EXTRAESCOLARS,\u00a0<span style=\"color: #236fa1;\">PERMAN\u00c8NCIES,<\/span>\u00a0<span style=\"color: #169179;\">ACOLLIDA,<\/span>\u00a0<span style=\"color: #ba372a;\">CASALETS&#8230;<\/span><\/strong><\/span><\/p>\n<p><a href=\"https:\/\/drive.google.com\/file\/d\/1cvUpgZIAQc1hGKJRAqsQEewlqPLAVRqx\/view?usp=sharing\" target=\"_blank\" rel=\"noopener\"><img loading=\"lazy\" decoding=\"async\" class=\"aligncenter wp-image-6737\" src=\"https:\/\/agora.xtec.cat\/ceip-torre-llauder-mataro\/wp-content\/uploads\/usu1425\/2024\/08\/afa-torre-enlleurat.jpg\" alt=\"\" width=\"532\" height=\"194\" srcset=\"https:\/\/agora.xtec.cat\/ceip-torre-llauder-mataro\/wp-content\/uploads\/usu1425\/2024\/08\/afa-torre-enlleurat.jpg 678w, https:\/\/agora.xtec.cat\/ceip-torre-llauder-mataro\/wp-content\/uploads\/usu1425\/2024\/08\/afa-torre-enlleurat-300x109.jpg 300w\" sizes=\"auto, (max-width: 532px) 100vw, 532px\" \/><\/a><\/p>\n","protected":false},"excerpt":{"rendered":"<p>Benvolgudes fam\u00edlies,<br \/>\nEl proper\u00a0dilluns 9 de setembre\u00a0comencem l&#8217;escola!!!<br \/>\nJa fa dies que estem treballant de valent per organitzar el nou curs escolar.<br \/>\nA continuaci\u00f3 us fem arribar informaci\u00f3 relativa als serveis que ofereix l&#8217;AFA de l&#8217;escola a trav\u00e9s d&#8217;Enlleura&#8217;t:\u00a0MENJADOR,\u00a0EXTRAESCOLARS,\u00a0PERMAN\u00c8NCIES,\u00a0ACOLLIDA,\u00a0CASALETS&#8230;<br \/>\n<a href=\"https:\/\/drive.google.com\/file\/d\/1cvUpgZIAQc1hGKJRAqsQEewlqPLAVRqx\/view?usp=sharing\" target=\"_blank\" rel=\"noopener\"><\/a><\/p>\n","protected":false},"author":19,"featured_media":6736,"comment_status":"open","ping_status":"closed","sticky":false,"template":"","format":"standard","meta":{"_bbp_topic_count":0,"_bbp_reply_count":0,"_bbp_total_topic_count":0,"_bbp_total_reply_count":0,"_bbp_voice_count":0,"_bbp_anonymous_reply_count":0,"_bbp_topic_count_hidden":0,"_bbp_reply_count_hidden":0,"_bbp_forum_subforum_count":0,"footnotes":""},"categories":[1,4],"tags":[],"class_list":["post-6735","post","type-post","status-publish","format-standard","has-post-thumbnail","hentry","category-general","category-portada"],"post_mailing_queue_ids":[],"_links":{"self":[{"href":"https:\/\/agora.xtec.cat\/ceip-torre-llauder-mataro\/wp-json\/wp\/v2\/posts\/6735","targetHints":{"allow":["GET"]}}],"collection":[{"href":"https:\/\/agora.xtec.cat\/ceip-torre-llauder-mataro\/wp-json\/wp\/v2\/posts"}],"about":[{"href":"https:\/\/agora.xtec.cat\/ceip-torre-llauder-mataro\/wp-json\/wp\/v2\/types\/post"}],"author":[{"embeddable":true,"href":"https:\/\/agora.xtec.cat\/ceip-torre-llauder-mataro\/wp-json\/wp\/v2\/users\/19"}],"replies":[{"embeddable":true,"href":"https:\/\/agora.xtec.cat\/ceip-torre-llauder-mataro\/wp-json\/wp\/v2\/comments?post=6735"}],"version-history":[{"count":2,"href":"https:\/\/agora.xtec.cat\/ceip-torre-llauder-mataro\/wp-json\/wp\/v2\/posts\/6735\/revisions"}],"predecessor-version":[{"id":6739,"href":"https:\/\/agora.xtec.cat\/ceip-torre-llauder-mataro\/wp-json\/wp\/v2\/posts\/6735\/revisions\/6739"}],"wp:featuredmedia":[{"embeddable":true,"href":"https:\/\/agora.xtec.cat\/ceip-torre-llauder-mataro\/wp-json\/wp\/v2\/media\/6736"}],"wp:attachment":[{"href":"https:\/\/agora.xtec.cat\/ceip-torre-llauder-mataro\/wp-json\/wp\/v2\/media?parent=6735"}],"wp:term":[{"taxonomy":"category","embeddable":true,"href":"https:\/\/agora.xtec.cat\/ceip-torre-llauder-mataro\/wp-json\/wp\/v2\/categories?post=6735"},{"taxonomy":"post_tag","embeddable":true,"href":"https:\/\/agora.xtec.cat\/ceip-torre-llauder-mataro\/wp-json\/wp\/v2\/tags?post=6735"}],"curies":[{"name":"wp","href":"https:\/\/api.w.org\/{rel}","templated":true}]}}