{"id":6727,"date":"2024-08-23T12:55:35","date_gmt":"2024-08-23T10:55:35","guid":{"rendered":"https:\/\/agora.xtec.cat\/ceip-torre-llauder-mataro\/?p=6727"},"modified":"2024-10-22T15:40:33","modified_gmt":"2024-10-22T13:40:33","slug":"a-la-meva-escola-hi-ha-monstres","status":"publish","type":"post","link":"https:\/\/agora.xtec.cat\/ceip-torre-llauder-mataro\/general\/a-la-meva-escola-hi-ha-monstres\/","title":{"rendered":"A la meva escola hi ha monstres!"},"content":{"rendered":"<p>El passat 14 de juny els i les alumnes de 4t van interpretar l&#8217;obra de teatre: <strong>&#8220;A la meva escola hi ha monstres&#8221;<\/strong>.<\/p>\n<p>Us deixem el v\u00eddeo de la representaci\u00f3 que van fer als companys i companyes m\u00e9s petits de l&#8217;escola:<\/p>\n<p><a href=\"https:\/\/drive.google.com\/file\/d\/18zlR61MxzC27QphcPcK9ma7OluUL4HTI\/view?usp=sharing\" target=\"_blank\" rel=\"noopener\"><img loading=\"lazy\" decoding=\"async\" class=\"aligncenter wp-image-6728 size-large\" src=\"https:\/\/agora.xtec.cat\/ceip-torre-llauder-mataro\/wp-content\/uploads\/usu1425\/2024\/08\/A-LA-MEVA-ESCOLA-HI-HA-MONSTRES-1-925x1024.png\" alt=\"\" width=\"925\" height=\"1024\" srcset=\"https:\/\/agora.xtec.cat\/ceip-torre-llauder-mataro\/wp-content\/uploads\/usu1425\/2024\/08\/A-LA-MEVA-ESCOLA-HI-HA-MONSTRES-1-925x1024.png 925w, https:\/\/agora.xtec.cat\/ceip-torre-llauder-mataro\/wp-content\/uploads\/usu1425\/2024\/08\/A-LA-MEVA-ESCOLA-HI-HA-MONSTRES-1-271x300.png 271w, https:\/\/agora.xtec.cat\/ceip-torre-llauder-mataro\/wp-content\/uploads\/usu1425\/2024\/08\/A-LA-MEVA-ESCOLA-HI-HA-MONSTRES-1-768x850.png 768w, https:\/\/agora.xtec.cat\/ceip-torre-llauder-mataro\/wp-content\/uploads\/usu1425\/2024\/08\/A-LA-MEVA-ESCOLA-HI-HA-MONSTRES-1-1388x1536.png 1388w, https:\/\/agora.xtec.cat\/ceip-torre-llauder-mataro\/wp-content\/uploads\/usu1425\/2024\/08\/A-LA-MEVA-ESCOLA-HI-HA-MONSTRES-1.png 1396w\" sizes=\"auto, (max-width: 925px) 100vw, 925px\" \/><\/a><\/p>\n","protected":false},"excerpt":{"rendered":"<p>El passat 14 de juny els i les alumnes de 4t van interpretar l&#8217;obra de teatre: &#8220;A la meva escola hi ha monstres&#8221;.<br \/>\nUs deixem el v\u00eddeo de la representaci\u00f3 que van fer als companys i companyes m\u00e9s petits de l&#8217;escola:<br \/>\n<a href=\"https:\/\/drive.google.com\/file\/d\/18zlR61MxzC27QphcPcK9ma7OluUL4HTI\/view?usp=sharing\" target=\"_blank\" rel=\"noopener\"><\/a><\/p>\n","protected":false},"author":19,"featured_media":6728,"comment_status":"open","ping_status":"closed","sticky":false,"template":"","format":"standard","meta":{"_bbp_topic_count":0,"_bbp_reply_count":0,"_bbp_total_topic_count":0,"_bbp_total_reply_count":0,"_bbp_voice_count":0,"_bbp_anonymous_reply_count":0,"_bbp_topic_count_hidden":0,"_bbp_reply_count_hidden":0,"_bbp_forum_subforum_count":0,"footnotes":""},"categories":[1,4],"tags":[],"class_list":["post-6727","post","type-post","status-publish","format-standard","has-post-thumbnail","hentry","category-general","category-portada"],"post_mailing_queue_ids":[],"_links":{"self":[{"href":"https:\/\/agora.xtec.cat\/ceip-torre-llauder-mataro\/wp-json\/wp\/v2\/posts\/6727","targetHints":{"allow":["GET"]}}],"collection":[{"href":"https:\/\/agora.xtec.cat\/ceip-torre-llauder-mataro\/wp-json\/wp\/v2\/posts"}],"about":[{"href":"https:\/\/agora.xtec.cat\/ceip-torre-llauder-mataro\/wp-json\/wp\/v2\/types\/post"}],"author":[{"embeddable":true,"href":"https:\/\/agora.xtec.cat\/ceip-torre-llauder-mataro\/wp-json\/wp\/v2\/users\/19"}],"replies":[{"embeddable":true,"href":"https:\/\/agora.xtec.cat\/ceip-torre-llauder-mataro\/wp-json\/wp\/v2\/comments?post=6727"}],"version-history":[{"count":2,"href":"https:\/\/agora.xtec.cat\/ceip-torre-llauder-mataro\/wp-json\/wp\/v2\/posts\/6727\/revisions"}],"predecessor-version":[{"id":6773,"href":"https:\/\/agora.xtec.cat\/ceip-torre-llauder-mataro\/wp-json\/wp\/v2\/posts\/6727\/revisions\/6773"}],"wp:featuredmedia":[{"embeddable":true,"href":"https:\/\/agora.xtec.cat\/ceip-torre-llauder-mataro\/wp-json\/wp\/v2\/media\/6728"}],"wp:attachment":[{"href":"https:\/\/agora.xtec.cat\/ceip-torre-llauder-mataro\/wp-json\/wp\/v2\/media?parent=6727"}],"wp:term":[{"taxonomy":"category","embeddable":true,"href":"https:\/\/agora.xtec.cat\/ceip-torre-llauder-mataro\/wp-json\/wp\/v2\/categories?post=6727"},{"taxonomy":"post_tag","embeddable":true,"href":"https:\/\/agora.xtec.cat\/ceip-torre-llauder-mataro\/wp-json\/wp\/v2\/tags?post=6727"}],"curies":[{"name":"wp","href":"https:\/\/api.w.org\/{rel}","templated":true}]}}