{"id":668,"date":"2016-10-23T20:34:14","date_gmt":"2016-10-23T18:34:14","guid":{"rendered":"http:\/\/agora.xtec.cat\/ceip-torre-llauder-mataro\/?p=668"},"modified":"2016-10-23T21:22:26","modified_gmt":"2016-10-23T19:22:26","slug":"sortida-de-tardor-e-i","status":"publish","type":"post","link":"https:\/\/agora.xtec.cat\/ceip-torre-llauder-mataro\/infantil\/sortida-de-tardor-e-i\/","title":{"rendered":"SORTIDA DE TARDOR E.I"},"content":{"rendered":"<p>Aquest divendres la pluja\u00a0s&#8217;ha comportat i\u00a0hem pogut fer la sortida de tardor!! Que b\u00e9 ens ho passem al Parc de Lourdes (Arenys de Munt). Despr\u00e9s d&#8217;un bon esmorzar hem pogut recollir glans, palets, bolets\u00a0i fulles mentre esperavem a la Castanyera, que com cada any ens ha vingut a veure, quina il.lusi\u00f3!! Ella sempre ens ensenya el cam\u00ed cap al castanyer i all\u00e0 podem\u00a0buscar\u00a0i recollir\u00a0castanyes. N&#8217;hem agafat un grapadet&#8230; i ens les podrem endur cap a l&#8217;escola. Despr\u00e9s de tant d&#8217;esfor\u00e7 hem recuperat forces amb el dinar, una estoneta de joc i una excursioneta per la muntanya que ens far\u00e0 les cames fortes.<\/p>\n<p><a href=\"https:\/\/goo.gl\/photos\/kSJ4h8ktmNJ4FvLr8\">https:\/\/goo.gl\/photos\/kSJ4h8ktmNJ4FvLr8<\/a><\/p>\n","protected":false},"excerpt":{"rendered":"<p>Aquest divendres la pluja\u00a0s&#8217;ha comportat i\u00a0hem pogut fer la sortida de tardor!! Que b\u00e9 ens ho passem al Parc de Lourdes (Arenys de Munt). Despr\u00e9s d&#8217;un bon esmorzar hem pogut recollir glans, palets, bolets\u00a0i fulles mentre esperavem a la Castanyera, que com cada any ens&hellip;  <a href=\"https:\/\/agora.xtec.cat\/ceip-torre-llauder-mataro\/infantil\/sortida-de-tardor-e-i\/\" title=\"Read SORTIDA DE TARDOR E.I\">Llegeix m\u00e9s\u00bb<\/a><\/p>\n","protected":false},"author":21,"featured_media":0,"comment_status":"open","ping_status":"open","sticky":false,"template":"","format":"standard","meta":{"_bbp_topic_count":0,"_bbp_reply_count":0,"_bbp_total_topic_count":0,"_bbp_total_reply_count":0,"_bbp_voice_count":0,"_bbp_anonymous_reply_count":0,"_bbp_topic_count_hidden":0,"_bbp_reply_count_hidden":0,"_bbp_forum_subforum_count":0,"footnotes":""},"categories":[9,3,8,2],"tags":[],"class_list":["post-668","post","type-post","status-publish","format-standard","hentry","category-1r","category-i4","category-i5","category-infantil"],"post_mailing_queue_ids":[],"_links":{"self":[{"href":"https:\/\/agora.xtec.cat\/ceip-torre-llauder-mataro\/wp-json\/wp\/v2\/posts\/668","targetHints":{"allow":["GET"]}}],"collection":[{"href":"https:\/\/agora.xtec.cat\/ceip-torre-llauder-mataro\/wp-json\/wp\/v2\/posts"}],"about":[{"href":"https:\/\/agora.xtec.cat\/ceip-torre-llauder-mataro\/wp-json\/wp\/v2\/types\/post"}],"author":[{"embeddable":true,"href":"https:\/\/agora.xtec.cat\/ceip-torre-llauder-mataro\/wp-json\/wp\/v2\/users\/21"}],"replies":[{"embeddable":true,"href":"https:\/\/agora.xtec.cat\/ceip-torre-llauder-mataro\/wp-json\/wp\/v2\/comments?post=668"}],"version-history":[{"count":1,"href":"https:\/\/agora.xtec.cat\/ceip-torre-llauder-mataro\/wp-json\/wp\/v2\/posts\/668\/revisions"}],"predecessor-version":[{"id":669,"href":"https:\/\/agora.xtec.cat\/ceip-torre-llauder-mataro\/wp-json\/wp\/v2\/posts\/668\/revisions\/669"}],"wp:attachment":[{"href":"https:\/\/agora.xtec.cat\/ceip-torre-llauder-mataro\/wp-json\/wp\/v2\/media?parent=668"}],"wp:term":[{"taxonomy":"category","embeddable":true,"href":"https:\/\/agora.xtec.cat\/ceip-torre-llauder-mataro\/wp-json\/wp\/v2\/categories?post=668"},{"taxonomy":"post_tag","embeddable":true,"href":"https:\/\/agora.xtec.cat\/ceip-torre-llauder-mataro\/wp-json\/wp\/v2\/tags?post=668"}],"curies":[{"name":"wp","href":"https:\/\/api.w.org\/{rel}","templated":true}]}}