{"id":6670,"date":"2024-05-06T17:16:23","date_gmt":"2024-05-06T15:16:23","guid":{"rendered":"https:\/\/agora.xtec.cat\/ceip-torre-llauder-mataro\/?p=6670"},"modified":"2024-05-06T17:16:23","modified_gmt":"2024-05-06T15:16:23","slug":"sortida-a-la-granja-el-xaragall","status":"publish","type":"post","link":"https:\/\/agora.xtec.cat\/ceip-torre-llauder-mataro\/general\/sortida-a-la-granja-el-xaragall\/","title":{"rendered":"SORTIDA A LA GRANJA EL XARAGALL"},"content":{"rendered":"<p>Avui hem passat un molt bon dia a la Granja. Hem anat fins a Llinars del Vall\u00e8s a visitar la vaca, el cavall, ovelles i cabretes entre d&#8217;altres animals. A m\u00e9s a m\u00e9s, hem pogut fer una mica ELS INDIS amb unes activitats que ens han preparat les monitores.<br \/>\nPodeu veure aqu\u00ed les FOTOS DEL <a href=\"https:\/\/photos.app.goo.gl\/YEUezH8oYWWWvCrq7\">DIA AL XARAGALL<\/a><\/p>\n","protected":false},"excerpt":{"rendered":"<p>Avui hem passat un molt bon dia a la Granja. Hem anat fins a Llinars del Vall\u00e8s a visitar la vaca, el cavall, ovelles i cabretes entre d&#8217;altres animals. A m\u00e9s a m\u00e9s, hem pogut fer una mica ELS INDIS amb unes activitats que ens&hellip;  <a href=\"https:\/\/agora.xtec.cat\/ceip-torre-llauder-mataro\/general\/sortida-a-la-granja-el-xaragall\/\" title=\"Read SORTIDA A LA GRANJA EL XARAGALL\">Llegeix m\u00e9s\u00bb<\/a><\/p>\n","protected":false},"author":21,"featured_media":0,"comment_status":"open","ping_status":"closed","sticky":false,"template":"","format":"standard","meta":{"_bbp_topic_count":0,"_bbp_reply_count":0,"_bbp_total_topic_count":0,"_bbp_total_reply_count":0,"_bbp_voice_count":0,"_bbp_anonymous_reply_count":0,"_bbp_topic_count_hidden":0,"_bbp_reply_count_hidden":0,"_bbp_forum_subforum_count":0,"footnotes":""},"categories":[9,1,2],"tags":[],"class_list":["post-6670","post","type-post","status-publish","format-standard","hentry","category-1r","category-general","category-infantil"],"post_mailing_queue_ids":[],"_links":{"self":[{"href":"https:\/\/agora.xtec.cat\/ceip-torre-llauder-mataro\/wp-json\/wp\/v2\/posts\/6670","targetHints":{"allow":["GET"]}}],"collection":[{"href":"https:\/\/agora.xtec.cat\/ceip-torre-llauder-mataro\/wp-json\/wp\/v2\/posts"}],"about":[{"href":"https:\/\/agora.xtec.cat\/ceip-torre-llauder-mataro\/wp-json\/wp\/v2\/types\/post"}],"author":[{"embeddable":true,"href":"https:\/\/agora.xtec.cat\/ceip-torre-llauder-mataro\/wp-json\/wp\/v2\/users\/21"}],"replies":[{"embeddable":true,"href":"https:\/\/agora.xtec.cat\/ceip-torre-llauder-mataro\/wp-json\/wp\/v2\/comments?post=6670"}],"version-history":[{"count":1,"href":"https:\/\/agora.xtec.cat\/ceip-torre-llauder-mataro\/wp-json\/wp\/v2\/posts\/6670\/revisions"}],"predecessor-version":[{"id":6671,"href":"https:\/\/agora.xtec.cat\/ceip-torre-llauder-mataro\/wp-json\/wp\/v2\/posts\/6670\/revisions\/6671"}],"wp:attachment":[{"href":"https:\/\/agora.xtec.cat\/ceip-torre-llauder-mataro\/wp-json\/wp\/v2\/media?parent=6670"}],"wp:term":[{"taxonomy":"category","embeddable":true,"href":"https:\/\/agora.xtec.cat\/ceip-torre-llauder-mataro\/wp-json\/wp\/v2\/categories?post=6670"},{"taxonomy":"post_tag","embeddable":true,"href":"https:\/\/agora.xtec.cat\/ceip-torre-llauder-mataro\/wp-json\/wp\/v2\/tags?post=6670"}],"curies":[{"name":"wp","href":"https:\/\/api.w.org\/{rel}","templated":true}]}}