{"id":6631,"date":"2024-04-22T21:22:39","date_gmt":"2024-04-22T19:22:39","guid":{"rendered":"https:\/\/agora.xtec.cat\/ceip-torre-llauder-mataro\/?p=6631"},"modified":"2024-04-25T10:50:45","modified_gmt":"2024-04-25T08:50:45","slug":"gimcana-esportiva-ed-infantil","status":"publish","type":"post","link":"https:\/\/agora.xtec.cat\/ceip-torre-llauder-mataro\/general\/gimcana-esportiva-ed-infantil\/","title":{"rendered":"GIMCANA ESPORTIVA (Ed Infantil)"},"content":{"rendered":"<p>Aquest mat\u00ed hem pogut fer la Gimcana Esportiva amb els nens i nenes d&#8217;Eduaci\u00f3 Infantil, i, tot i estar una mica passada per aigua, l&#8217;hem gaudit d&#8217;all\u00f2 m\u00e9s. Els alumnes de 6\u00e8 han dinamitzat les diferents estacions i jocs que an\u00e0vem trobant i ho han fet molt b\u00e9!!<\/p>\n<p><a href=\"https:\/\/photos.app.goo.gl\/SiKtDUe8Pq4bNgbH9\" target=\"_blank\" rel=\"noopener\">FOTOS DE LA GIMCANA<\/a><\/p>\n","protected":false},"excerpt":{"rendered":"<p>Aquest mat\u00ed hem pogut fer la Gimcana Esportiva amb els nens i nenes d&#8217;Eduaci\u00f3 Infantil, i, tot i estar una mica passada per aigua, l&#8217;hem gaudit d&#8217;all\u00f2 m\u00e9s. Els alumnes de 6\u00e8 han dinamitzat les diferents estacions i jocs que an\u00e0vem trobant i ho han&hellip;  <a href=\"https:\/\/agora.xtec.cat\/ceip-torre-llauder-mataro\/general\/gimcana-esportiva-ed-infantil\/\" title=\"Read GIMCANA ESPORTIVA (Ed Infantil)\">Llegeix m\u00e9s\u00bb<\/a><\/p>\n","protected":false},"author":21,"featured_media":6632,"comment_status":"open","ping_status":"closed","sticky":false,"template":"","format":"standard","meta":{"_bbp_topic_count":0,"_bbp_reply_count":0,"_bbp_total_topic_count":0,"_bbp_total_reply_count":0,"_bbp_voice_count":0,"_bbp_anonymous_reply_count":0,"_bbp_topic_count_hidden":0,"_bbp_reply_count_hidden":0,"_bbp_forum_subforum_count":0,"footnotes":""},"categories":[1,83,3,8,2],"tags":[],"class_list":["post-6631","post","type-post","status-publish","format-standard","has-post-thumbnail","hentry","category-general","category-i3","category-i4","category-i5","category-infantil"],"post_mailing_queue_ids":[],"_links":{"self":[{"href":"https:\/\/agora.xtec.cat\/ceip-torre-llauder-mataro\/wp-json\/wp\/v2\/posts\/6631","targetHints":{"allow":["GET"]}}],"collection":[{"href":"https:\/\/agora.xtec.cat\/ceip-torre-llauder-mataro\/wp-json\/wp\/v2\/posts"}],"about":[{"href":"https:\/\/agora.xtec.cat\/ceip-torre-llauder-mataro\/wp-json\/wp\/v2\/types\/post"}],"author":[{"embeddable":true,"href":"https:\/\/agora.xtec.cat\/ceip-torre-llauder-mataro\/wp-json\/wp\/v2\/users\/21"}],"replies":[{"embeddable":true,"href":"https:\/\/agora.xtec.cat\/ceip-torre-llauder-mataro\/wp-json\/wp\/v2\/comments?post=6631"}],"version-history":[{"count":3,"href":"https:\/\/agora.xtec.cat\/ceip-torre-llauder-mataro\/wp-json\/wp\/v2\/posts\/6631\/revisions"}],"predecessor-version":[{"id":6646,"href":"https:\/\/agora.xtec.cat\/ceip-torre-llauder-mataro\/wp-json\/wp\/v2\/posts\/6631\/revisions\/6646"}],"wp:featuredmedia":[{"embeddable":true,"href":"https:\/\/agora.xtec.cat\/ceip-torre-llauder-mataro\/wp-json\/wp\/v2\/media\/6632"}],"wp:attachment":[{"href":"https:\/\/agora.xtec.cat\/ceip-torre-llauder-mataro\/wp-json\/wp\/v2\/media?parent=6631"}],"wp:term":[{"taxonomy":"category","embeddable":true,"href":"https:\/\/agora.xtec.cat\/ceip-torre-llauder-mataro\/wp-json\/wp\/v2\/categories?post=6631"},{"taxonomy":"post_tag","embeddable":true,"href":"https:\/\/agora.xtec.cat\/ceip-torre-llauder-mataro\/wp-json\/wp\/v2\/tags?post=6631"}],"curies":[{"name":"wp","href":"https:\/\/api.w.org\/{rel}","templated":true}]}}