{"id":6615,"date":"2024-04-19T18:01:31","date_gmt":"2024-04-19T16:01:31","guid":{"rendered":"https:\/\/agora.xtec.cat\/ceip-torre-llauder-mataro\/?p=6615"},"modified":"2024-04-20T14:08:14","modified_gmt":"2024-04-20T12:08:14","slug":"fem-ballar-els-gegants-de-lescola","status":"publish","type":"post","link":"https:\/\/agora.xtec.cat\/ceip-torre-llauder-mataro\/general\/fem-ballar-els-gegants-de-lescola\/","title":{"rendered":"Fem ballar els gegants de l&#8217;escola"},"content":{"rendered":"<p>Tarda ben animada fent ballar a en <strong>Llauderet<\/strong> i a en <strong>Joanet:<\/strong> els gegants de la nostra escola!!!<\/p>\n<p>Hi han participat les colles geganteres de l&#8217;escola Torre Llauder i la del barri de Molins, els nens i nenes d&#8217;Educaci\u00f3 Infantil i de Cicle Inicial i les seves fam\u00edlies. Tothom que ha volgut ha pogut provar l&#8217;experi\u00e8ncia de fer ballar un gegant o gegant\u00f3.<\/p>\n<h5>Podeu veure a continuaci\u00f3 les fotos de la<strong>\u00a0<a href=\"https:\/\/photos.app.goo.gl\/uVxVJPM1kf7mqpKJ7\" target=\"_blank\" rel=\"noopener\">ballada.<\/a><\/strong><\/h5>\n","protected":false},"excerpt":{"rendered":"<p>Tarda ben animada fent ballar a en Llauderet i a en Joanet: els gegants de la nostra escola!!!<br \/>\nHi han participat les colles geganteres de l&#8217;escola Torre Llauder i la del barri de Molins, els nens i nenes d&#8217;Educaci\u00f3 Infantil i de Cicle Inicial i les&hellip;  <a href=\"https:\/\/agora.xtec.cat\/ceip-torre-llauder-mataro\/general\/fem-ballar-els-gegants-de-lescola\/\" title=\"Read Fem ballar els gegants de l&#8217;escola\">Llegeix m\u00e9s\u00bb<\/a><\/p>\n","protected":false},"author":21,"featured_media":6619,"comment_status":"open","ping_status":"closed","sticky":false,"template":"","format":"standard","meta":{"_bbp_topic_count":0,"_bbp_reply_count":0,"_bbp_total_topic_count":0,"_bbp_total_reply_count":0,"_bbp_voice_count":0,"_bbp_anonymous_reply_count":0,"_bbp_topic_count_hidden":0,"_bbp_reply_count_hidden":0,"_bbp_forum_subforum_count":0,"footnotes":""},"categories":[1,2,4],"tags":[],"class_list":["post-6615","post","type-post","status-publish","format-standard","has-post-thumbnail","hentry","category-general","category-infantil","category-portada"],"post_mailing_queue_ids":[],"_links":{"self":[{"href":"https:\/\/agora.xtec.cat\/ceip-torre-llauder-mataro\/wp-json\/wp\/v2\/posts\/6615","targetHints":{"allow":["GET"]}}],"collection":[{"href":"https:\/\/agora.xtec.cat\/ceip-torre-llauder-mataro\/wp-json\/wp\/v2\/posts"}],"about":[{"href":"https:\/\/agora.xtec.cat\/ceip-torre-llauder-mataro\/wp-json\/wp\/v2\/types\/post"}],"author":[{"embeddable":true,"href":"https:\/\/agora.xtec.cat\/ceip-torre-llauder-mataro\/wp-json\/wp\/v2\/users\/21"}],"replies":[{"embeddable":true,"href":"https:\/\/agora.xtec.cat\/ceip-torre-llauder-mataro\/wp-json\/wp\/v2\/comments?post=6615"}],"version-history":[{"count":3,"href":"https:\/\/agora.xtec.cat\/ceip-torre-llauder-mataro\/wp-json\/wp\/v2\/posts\/6615\/revisions"}],"predecessor-version":[{"id":6620,"href":"https:\/\/agora.xtec.cat\/ceip-torre-llauder-mataro\/wp-json\/wp\/v2\/posts\/6615\/revisions\/6620"}],"wp:featuredmedia":[{"embeddable":true,"href":"https:\/\/agora.xtec.cat\/ceip-torre-llauder-mataro\/wp-json\/wp\/v2\/media\/6619"}],"wp:attachment":[{"href":"https:\/\/agora.xtec.cat\/ceip-torre-llauder-mataro\/wp-json\/wp\/v2\/media?parent=6615"}],"wp:term":[{"taxonomy":"category","embeddable":true,"href":"https:\/\/agora.xtec.cat\/ceip-torre-llauder-mataro\/wp-json\/wp\/v2\/categories?post=6615"},{"taxonomy":"post_tag","embeddable":true,"href":"https:\/\/agora.xtec.cat\/ceip-torre-llauder-mataro\/wp-json\/wp\/v2\/tags?post=6615"}],"curies":[{"name":"wp","href":"https:\/\/api.w.org\/{rel}","templated":true}]}}