{"id":6465,"date":"2024-02-28T16:20:49","date_gmt":"2024-02-28T15:20:49","guid":{"rendered":"https:\/\/agora.xtec.cat\/ceip-torre-llauder-mataro\/?p=6465"},"modified":"2024-02-28T16:20:49","modified_gmt":"2024-02-28T15:20:49","slug":"visita-a-la-fabrica-de-xocolata","status":"publish","type":"post","link":"https:\/\/agora.xtec.cat\/ceip-torre-llauder-mataro\/infantil\/visita-a-la-fabrica-de-xocolata\/","title":{"rendered":"Visita a la f\u00e0brica de xocolata"},"content":{"rendered":"<p style=\"text-align: left;\">Educaci\u00f3 Infantil ja estem de tornada de la sortida!!! Avui hem anat fins a Sant Joan Desp\u00ed a visitar la f\u00e0brica de Xocolata Blanxart i nom\u00e9s entrar hem pogut sentir la bona oloreta que feia per tot arreu!! Ens han explicat moltes coses del cacau i hem pogut veure el proc\u00e9s per a que es converteixi en xocolata.<\/p>\n<p style=\"text-align: left;\">Durant el mat\u00ed hem gaudit del Parc de la Fontsanta i hem pogut dinar al solet!<\/p>\n<p>Tornem amb la panxa ben plena!! Podeu veure aqu\u00ed les fotos de la <a href=\"https:\/\/photos.app.goo.gl\/LMMUXvvg5qU3GdiV9\">f\u00e0brica de Xocolata<\/a><\/p>\n","protected":false},"excerpt":{"rendered":"<p>Educaci\u00f3 Infantil ja estem de tornada de la sortida!!! Avui hem anat fins a Sant Joan Desp\u00ed a visitar la f\u00e0brica de Xocolata Blanxart i nom\u00e9s entrar hem pogut sentir la bona oloreta que feia per tot arreu!! Ens han explicat moltes coses del cacau&hellip;  <a href=\"https:\/\/agora.xtec.cat\/ceip-torre-llauder-mataro\/infantil\/visita-a-la-fabrica-de-xocolata\/\" title=\"Read Visita a la f\u00e0brica de xocolata\">Llegeix m\u00e9s\u00bb<\/a><\/p>\n","protected":false},"author":21,"featured_media":0,"comment_status":"open","ping_status":"closed","sticky":false,"template":"","format":"standard","meta":{"_bbp_topic_count":0,"_bbp_reply_count":0,"_bbp_total_topic_count":0,"_bbp_total_reply_count":0,"_bbp_voice_count":0,"_bbp_anonymous_reply_count":0,"_bbp_topic_count_hidden":0,"_bbp_reply_count_hidden":0,"_bbp_forum_subforum_count":0,"footnotes":""},"categories":[83,3,8,2],"tags":[],"class_list":["post-6465","post","type-post","status-publish","format-standard","hentry","category-i3","category-i4","category-i5","category-infantil"],"post_mailing_queue_ids":[],"_links":{"self":[{"href":"https:\/\/agora.xtec.cat\/ceip-torre-llauder-mataro\/wp-json\/wp\/v2\/posts\/6465","targetHints":{"allow":["GET"]}}],"collection":[{"href":"https:\/\/agora.xtec.cat\/ceip-torre-llauder-mataro\/wp-json\/wp\/v2\/posts"}],"about":[{"href":"https:\/\/agora.xtec.cat\/ceip-torre-llauder-mataro\/wp-json\/wp\/v2\/types\/post"}],"author":[{"embeddable":true,"href":"https:\/\/agora.xtec.cat\/ceip-torre-llauder-mataro\/wp-json\/wp\/v2\/users\/21"}],"replies":[{"embeddable":true,"href":"https:\/\/agora.xtec.cat\/ceip-torre-llauder-mataro\/wp-json\/wp\/v2\/comments?post=6465"}],"version-history":[{"count":1,"href":"https:\/\/agora.xtec.cat\/ceip-torre-llauder-mataro\/wp-json\/wp\/v2\/posts\/6465\/revisions"}],"predecessor-version":[{"id":6466,"href":"https:\/\/agora.xtec.cat\/ceip-torre-llauder-mataro\/wp-json\/wp\/v2\/posts\/6465\/revisions\/6466"}],"wp:attachment":[{"href":"https:\/\/agora.xtec.cat\/ceip-torre-llauder-mataro\/wp-json\/wp\/v2\/media?parent=6465"}],"wp:term":[{"taxonomy":"category","embeddable":true,"href":"https:\/\/agora.xtec.cat\/ceip-torre-llauder-mataro\/wp-json\/wp\/v2\/categories?post=6465"},{"taxonomy":"post_tag","embeddable":true,"href":"https:\/\/agora.xtec.cat\/ceip-torre-llauder-mataro\/wp-json\/wp\/v2\/tags?post=6465"}],"curies":[{"name":"wp","href":"https:\/\/api.w.org\/{rel}","templated":true}]}}