{"id":6459,"date":"2024-02-28T07:29:36","date_gmt":"2024-02-28T06:29:36","guid":{"rendered":"https:\/\/agora.xtec.cat\/ceip-torre-llauder-mataro\/?p=6459"},"modified":"2024-02-28T07:29:36","modified_gmt":"2024-02-28T06:29:36","slug":"xocolata-a-laula-di3","status":"publish","type":"post","link":"https:\/\/agora.xtec.cat\/ceip-torre-llauder-mataro\/infantil\/xocolata-a-laula-di3\/","title":{"rendered":"Xocolata a l&#8217;aula d&#8217;I3"},"content":{"rendered":"<p>La classe de la Toneta hem experimentat amb xocolata per introduir el tema de l&#8217;excursi\u00f3 a les Xocolates Blanxart. Hem pogut veure qu\u00e8 passa amb la xocolata quan l&#8217;escalfem, com costava tallar-la quan estava tan dura i que xulo \u00e9s poder fer tra\u00e7 quan est\u00e0 calenta&#8230; tamb\u00e9 l&#8217;hem tastat una mica perqu\u00e8 est\u00e0 bon\u00edssima!!<\/p>\n<p><a href=\"https:\/\/photos.app.goo.gl\/n1b7fYmoVmBWQ3FF6\">Fotos xoco<\/a><\/p>\n","protected":false},"excerpt":{"rendered":"<p>La classe de la Toneta hem experimentat amb xocolata per introduir el tema de l&#8217;excursi\u00f3 a les Xocolates Blanxart. Hem pogut veure qu\u00e8 passa amb la xocolata quan l&#8217;escalfem, com costava tallar-la quan estava tan dura i que xulo \u00e9s poder fer tra\u00e7 quan est\u00e0&hellip;  <a href=\"https:\/\/agora.xtec.cat\/ceip-torre-llauder-mataro\/infantil\/xocolata-a-laula-di3\/\" title=\"Read Xocolata a l&#8217;aula d&#8217;I3\">Llegeix m\u00e9s\u00bb<\/a><\/p>\n","protected":false},"author":12,"featured_media":0,"comment_status":"open","ping_status":"closed","sticky":false,"template":"","format":"standard","meta":{"_bbp_topic_count":0,"_bbp_reply_count":0,"_bbp_total_topic_count":0,"_bbp_total_reply_count":0,"_bbp_voice_count":0,"_bbp_anonymous_reply_count":0,"_bbp_topic_count_hidden":0,"_bbp_reply_count_hidden":0,"_bbp_forum_subforum_count":0,"footnotes":""},"categories":[83,2],"tags":[],"class_list":["post-6459","post","type-post","status-publish","format-standard","hentry","category-i3","category-infantil"],"post_mailing_queue_ids":[],"_links":{"self":[{"href":"https:\/\/agora.xtec.cat\/ceip-torre-llauder-mataro\/wp-json\/wp\/v2\/posts\/6459","targetHints":{"allow":["GET"]}}],"collection":[{"href":"https:\/\/agora.xtec.cat\/ceip-torre-llauder-mataro\/wp-json\/wp\/v2\/posts"}],"about":[{"href":"https:\/\/agora.xtec.cat\/ceip-torre-llauder-mataro\/wp-json\/wp\/v2\/types\/post"}],"author":[{"embeddable":true,"href":"https:\/\/agora.xtec.cat\/ceip-torre-llauder-mataro\/wp-json\/wp\/v2\/users\/12"}],"replies":[{"embeddable":true,"href":"https:\/\/agora.xtec.cat\/ceip-torre-llauder-mataro\/wp-json\/wp\/v2\/comments?post=6459"}],"version-history":[{"count":1,"href":"https:\/\/agora.xtec.cat\/ceip-torre-llauder-mataro\/wp-json\/wp\/v2\/posts\/6459\/revisions"}],"predecessor-version":[{"id":6460,"href":"https:\/\/agora.xtec.cat\/ceip-torre-llauder-mataro\/wp-json\/wp\/v2\/posts\/6459\/revisions\/6460"}],"wp:attachment":[{"href":"https:\/\/agora.xtec.cat\/ceip-torre-llauder-mataro\/wp-json\/wp\/v2\/media?parent=6459"}],"wp:term":[{"taxonomy":"category","embeddable":true,"href":"https:\/\/agora.xtec.cat\/ceip-torre-llauder-mataro\/wp-json\/wp\/v2\/categories?post=6459"},{"taxonomy":"post_tag","embeddable":true,"href":"https:\/\/agora.xtec.cat\/ceip-torre-llauder-mataro\/wp-json\/wp\/v2\/tags?post=6459"}],"curies":[{"name":"wp","href":"https:\/\/api.w.org\/{rel}","templated":true}]}}