{"id":6433,"date":"2024-02-21T10:56:45","date_gmt":"2024-02-21T09:56:45","guid":{"rendered":"https:\/\/agora.xtec.cat\/ceip-torre-llauder-mataro\/?p=6433"},"modified":"2024-02-25T13:42:48","modified_gmt":"2024-02-25T12:42:48","slug":"6e-fa-recerca-sobre-ledat-moderna","status":"publish","type":"post","link":"https:\/\/agora.xtec.cat\/ceip-torre-llauder-mataro\/general\/6e-fa-recerca-sobre-ledat-moderna\/","title":{"rendered":"6\u00e8 FA RECERCA SOBRE L&#8217;EDAT MODERNA"},"content":{"rendered":"<p>L&#8217;alumnat de 6\u00e8 estem treballant l&#8217;Edat Moderna a medi. Avui hem fet recerca individual amb els Chromebooks per a con\u00e8ixer informaci\u00f3 sobre els invents d&#8217;aquella \u00e8poca. Cadasc\u00fa de nosaltres ha triat d&#8217;entre un munt d&#8217;imatges d&#8217;invents el que m\u00e9s ens ha cridat l&#8217;atenci\u00f3. Tot seguit, hem iniciat la nostra recerca i hem descobert un munt de coses.<\/p>\n<p>Cliqueu la imatge per a veure totes les fotografies.<a href=\"https:\/\/photos.app.goo.gl\/MghBTXsC9aV1UV4UA\" target=\"_blank\" rel=\"noopener\"><br \/>\n<img loading=\"lazy\" decoding=\"async\" class=\"alignleft wp-image-6434\" src=\"https:\/\/agora.xtec.cat\/ceip-torre-llauder-mataro\/wp-content\/uploads\/usu1425\/2024\/02\/IMG_20240220_155226-1024x768.jpg\" alt=\"\" width=\"507\" height=\"380\" srcset=\"https:\/\/agora.xtec.cat\/ceip-torre-llauder-mataro\/wp-content\/uploads\/usu1425\/2024\/02\/IMG_20240220_155226-1024x768.jpg 1024w, https:\/\/agora.xtec.cat\/ceip-torre-llauder-mataro\/wp-content\/uploads\/usu1425\/2024\/02\/IMG_20240220_155226-300x225.jpg 300w, https:\/\/agora.xtec.cat\/ceip-torre-llauder-mataro\/wp-content\/uploads\/usu1425\/2024\/02\/IMG_20240220_155226-768x576.jpg 768w, https:\/\/agora.xtec.cat\/ceip-torre-llauder-mataro\/wp-content\/uploads\/usu1425\/2024\/02\/IMG_20240220_155226-1536x1152.jpg 1536w, https:\/\/agora.xtec.cat\/ceip-torre-llauder-mataro\/wp-content\/uploads\/usu1425\/2024\/02\/IMG_20240220_155226-2048x1536.jpg 2048w, https:\/\/agora.xtec.cat\/ceip-torre-llauder-mataro\/wp-content\/uploads\/usu1425\/2024\/02\/IMG_20240220_155226-200x150.jpg 200w\" sizes=\"auto, (max-width: 507px) 100vw, 507px\" \/><\/a><\/p>\n","protected":false},"excerpt":{"rendered":"<p>L&#8217;alumnat de 6\u00e8 estem treballant l&#8217;Edat Moderna a medi. Avui hem fet recerca individual amb els Chromebooks per a con\u00e8ixer informaci\u00f3 sobre els invents d&#8217;aquella \u00e8poca. Cadasc\u00fa de nosaltres ha triat d&#8217;entre un munt d&#8217;imatges d&#8217;invents el que m\u00e9s ens ha cridat l&#8217;atenci\u00f3. Tot seguit,&hellip;  <a href=\"https:\/\/agora.xtec.cat\/ceip-torre-llauder-mataro\/general\/6e-fa-recerca-sobre-ledat-moderna\/\" title=\"Read 6\u00e8 FA RECERCA SOBRE L&#8217;EDAT MODERNA\">Llegeix m\u00e9s\u00bb<\/a><\/p>\n","protected":false},"author":21,"featured_media":6434,"comment_status":"open","ping_status":"closed","sticky":false,"template":"","format":"standard","meta":{"_bbp_topic_count":0,"_bbp_reply_count":0,"_bbp_total_topic_count":0,"_bbp_total_reply_count":0,"_bbp_voice_count":0,"_bbp_anonymous_reply_count":0,"_bbp_topic_count_hidden":0,"_bbp_reply_count_hidden":0,"_bbp_forum_subforum_count":0,"footnotes":""},"categories":[14,1,4,5],"tags":[141,136,223,93,224],"class_list":["post-6433","post","type-post","status-publish","format-standard","has-post-thumbnail","hentry","category-6e","category-general","category-portada","category-primaria","tag-6e","tag-chromebooks","tag-gsuite-for-education","tag-medi-social-i-natural","tag-recerca"],"post_mailing_queue_ids":[],"_links":{"self":[{"href":"https:\/\/agora.xtec.cat\/ceip-torre-llauder-mataro\/wp-json\/wp\/v2\/posts\/6433","targetHints":{"allow":["GET"]}}],"collection":[{"href":"https:\/\/agora.xtec.cat\/ceip-torre-llauder-mataro\/wp-json\/wp\/v2\/posts"}],"about":[{"href":"https:\/\/agora.xtec.cat\/ceip-torre-llauder-mataro\/wp-json\/wp\/v2\/types\/post"}],"author":[{"embeddable":true,"href":"https:\/\/agora.xtec.cat\/ceip-torre-llauder-mataro\/wp-json\/wp\/v2\/users\/21"}],"replies":[{"embeddable":true,"href":"https:\/\/agora.xtec.cat\/ceip-torre-llauder-mataro\/wp-json\/wp\/v2\/comments?post=6433"}],"version-history":[{"count":6,"href":"https:\/\/agora.xtec.cat\/ceip-torre-llauder-mataro\/wp-json\/wp\/v2\/posts\/6433\/revisions"}],"predecessor-version":[{"id":6451,"href":"https:\/\/agora.xtec.cat\/ceip-torre-llauder-mataro\/wp-json\/wp\/v2\/posts\/6433\/revisions\/6451"}],"wp:featuredmedia":[{"embeddable":true,"href":"https:\/\/agora.xtec.cat\/ceip-torre-llauder-mataro\/wp-json\/wp\/v2\/media\/6434"}],"wp:attachment":[{"href":"https:\/\/agora.xtec.cat\/ceip-torre-llauder-mataro\/wp-json\/wp\/v2\/media?parent=6433"}],"wp:term":[{"taxonomy":"category","embeddable":true,"href":"https:\/\/agora.xtec.cat\/ceip-torre-llauder-mataro\/wp-json\/wp\/v2\/categories?post=6433"},{"taxonomy":"post_tag","embeddable":true,"href":"https:\/\/agora.xtec.cat\/ceip-torre-llauder-mataro\/wp-json\/wp\/v2\/tags?post=6433"}],"curies":[{"name":"wp","href":"https:\/\/api.w.org\/{rel}","templated":true}]}}