{"id":6361,"date":"2024-01-30T12:36:03","date_gmt":"2024-01-30T11:36:03","guid":{"rendered":"https:\/\/agora.xtec.cat\/ceip-torre-llauder-mataro\/?p=6361"},"modified":"2024-01-31T11:51:17","modified_gmt":"2024-01-31T10:51:17","slug":"celebrem-el-denip","status":"publish","type":"post","link":"https:\/\/agora.xtec.cat\/ceip-torre-llauder-mataro\/general\/celebrem-el-denip\/","title":{"rendered":"CELEBREM EL DENIP"},"content":{"rendered":"<p>Aquest mat\u00ed a l\u2019escola hem celebrat el Dia Escolar de la No-viol\u00e8ncia i la Pau (DENIP). Cada 30 de gener, des de 1964, se celebra aquesta jornada per recordar el llegat de Mahatma Gandhi i commemorar l\u2019aniversari de la seva mort.<\/p>\n<p>Al pati hem escoltat un manifest a favor de la Pau i hem cantant la can\u00e7\u00f3 &#8220;La Pau comen\u00e7a dins teu&#8221;, composada per la M\u00edriam Berrocal, mestra de m\u00fasica de l&#8217;escola.<\/p>\n<p>A banda, l&#8217;alumnat de 5\u00e8 ha participat a la cursa solid\u00e0ria<\/p>\n<p>Cliqueu la imatge per veure les activitats que hem portat a terme en un dia molt emotiu per tot el que comporta difondre els valors de la no-viol\u00e8ncia i la pau.<\/p>\n<p>&nbsp;<\/p>\n<p><a href=\"https:\/\/photos.app.goo.gl\/BRciX8QGgEDUp71g6\" target=\"_blank\" rel=\"noopener\"><img loading=\"lazy\" decoding=\"async\" class=\"alignleft wp-image-6371 size-large\" src=\"https:\/\/agora.xtec.cat\/ceip-torre-llauder-mataro\/wp-content\/uploads\/usu1425\/2024\/01\/N-1024x724.jpg\" alt=\"\" width=\"1024\" height=\"724\" srcset=\"https:\/\/agora.xtec.cat\/ceip-torre-llauder-mataro\/wp-content\/uploads\/usu1425\/2024\/01\/N-1024x724.jpg 1024w, https:\/\/agora.xtec.cat\/ceip-torre-llauder-mataro\/wp-content\/uploads\/usu1425\/2024\/01\/N-300x212.jpg 300w, https:\/\/agora.xtec.cat\/ceip-torre-llauder-mataro\/wp-content\/uploads\/usu1425\/2024\/01\/N-768x543.jpg 768w, https:\/\/agora.xtec.cat\/ceip-torre-llauder-mataro\/wp-content\/uploads\/usu1425\/2024\/01\/N-1536x1086.jpg 1536w, https:\/\/agora.xtec.cat\/ceip-torre-llauder-mataro\/wp-content\/uploads\/usu1425\/2024\/01\/N.jpg 2000w\" sizes=\"auto, (max-width: 1024px) 100vw, 1024px\" \/><\/a><\/p>\n","protected":false},"excerpt":{"rendered":"<p>Aquest mat\u00ed a l\u2019escola hem celebrat el Dia Escolar de la No-viol\u00e8ncia i la Pau (DENIP). Cada 30 de gener, des de 1964, se celebra aquesta jornada per recordar el llegat de Mahatma Gandhi i commemorar l\u2019aniversari de la seva mort.<br \/>\nAl pati hem escoltat un&hellip;  <a href=\"https:\/\/agora.xtec.cat\/ceip-torre-llauder-mataro\/general\/celebrem-el-denip\/\" title=\"Read CELEBREM EL DENIP\">Llegeix m\u00e9s\u00bb<\/a><\/p>\n","protected":false},"author":6,"featured_media":6373,"comment_status":"open","ping_status":"closed","sticky":false,"template":"","format":"standard","meta":{"_bbp_topic_count":0,"_bbp_reply_count":0,"_bbp_total_topic_count":0,"_bbp_total_reply_count":0,"_bbp_voice_count":0,"_bbp_anonymous_reply_count":0,"_bbp_topic_count_hidden":0,"_bbp_reply_count_hidden":0,"_bbp_forum_subforum_count":0,"footnotes":""},"categories":[1,2,4,5],"tags":[108],"class_list":["post-6361","post","type-post","status-publish","format-standard","has-post-thumbnail","hentry","category-general","category-infantil","category-portada","category-primaria","tag-denip"],"post_mailing_queue_ids":[],"_links":{"self":[{"href":"https:\/\/agora.xtec.cat\/ceip-torre-llauder-mataro\/wp-json\/wp\/v2\/posts\/6361","targetHints":{"allow":["GET"]}}],"collection":[{"href":"https:\/\/agora.xtec.cat\/ceip-torre-llauder-mataro\/wp-json\/wp\/v2\/posts"}],"about":[{"href":"https:\/\/agora.xtec.cat\/ceip-torre-llauder-mataro\/wp-json\/wp\/v2\/types\/post"}],"author":[{"embeddable":true,"href":"https:\/\/agora.xtec.cat\/ceip-torre-llauder-mataro\/wp-json\/wp\/v2\/users\/6"}],"replies":[{"embeddable":true,"href":"https:\/\/agora.xtec.cat\/ceip-torre-llauder-mataro\/wp-json\/wp\/v2\/comments?post=6361"}],"version-history":[{"count":6,"href":"https:\/\/agora.xtec.cat\/ceip-torre-llauder-mataro\/wp-json\/wp\/v2\/posts\/6361\/revisions"}],"predecessor-version":[{"id":6372,"href":"https:\/\/agora.xtec.cat\/ceip-torre-llauder-mataro\/wp-json\/wp\/v2\/posts\/6361\/revisions\/6372"}],"wp:featuredmedia":[{"embeddable":true,"href":"https:\/\/agora.xtec.cat\/ceip-torre-llauder-mataro\/wp-json\/wp\/v2\/media\/6373"}],"wp:attachment":[{"href":"https:\/\/agora.xtec.cat\/ceip-torre-llauder-mataro\/wp-json\/wp\/v2\/media?parent=6361"}],"wp:term":[{"taxonomy":"category","embeddable":true,"href":"https:\/\/agora.xtec.cat\/ceip-torre-llauder-mataro\/wp-json\/wp\/v2\/categories?post=6361"},{"taxonomy":"post_tag","embeddable":true,"href":"https:\/\/agora.xtec.cat\/ceip-torre-llauder-mataro\/wp-json\/wp\/v2\/tags?post=6361"}],"curies":[{"name":"wp","href":"https:\/\/api.w.org\/{rel}","templated":true}]}}