{"id":6344,"date":"2024-01-19T11:17:34","date_gmt":"2024-01-19T10:17:34","guid":{"rendered":"https:\/\/agora.xtec.cat\/ceip-torre-llauder-mataro\/?p=6344"},"modified":"2024-01-19T11:19:05","modified_gmt":"2024-01-19T10:19:05","slug":"tast-de-fruites","status":"publish","type":"post","link":"https:\/\/agora.xtec.cat\/ceip-torre-llauder-mataro\/infantil\/tast-de-fruites\/","title":{"rendered":"I4 Tast de fruites"},"content":{"rendered":"<p>Durant el primer trimestre s&#8217;han realitzat moltes activitats de tardor, i una d&#8217;elles va ser el tastet de fruites de tardor.<\/p>\n<p>Els diables van tocar, olorar i tastar alguns dels aliments t\u00edpics de tardor. A alguns els va agradar m\u00e9s, a d&#8217;altres menys, per\u00f2 va ser una experi\u00e8ncia nova i enriquidora.<\/p>\n<p><a href=\"https:\/\/photos.app.goo.gl\/ngkAtUyPAjf1mRoc9\">Fotos tast de tardor<\/a><\/p>\n","protected":false},"excerpt":{"rendered":"<p>Durant el primer trimestre s&#8217;han realitzat moltes activitats de tardor, i una d&#8217;elles va ser el tastet de fruites de tardor.<br \/>\nEls diables van tocar, olorar i tastar alguns dels aliments t\u00edpics de tardor. A alguns els va agradar m\u00e9s, a d&#8217;altres menys, per\u00f2 va ser&hellip;  <a href=\"https:\/\/agora.xtec.cat\/ceip-torre-llauder-mataro\/infantil\/tast-de-fruites\/\" title=\"Read I4 Tast de fruites\">Llegeix m\u00e9s\u00bb<\/a><\/p>\n","protected":false},"author":7,"featured_media":0,"comment_status":"open","ping_status":"closed","sticky":false,"template":"","format":"standard","meta":{"_bbp_topic_count":0,"_bbp_reply_count":0,"_bbp_total_topic_count":0,"_bbp_total_reply_count":0,"_bbp_voice_count":0,"_bbp_anonymous_reply_count":0,"_bbp_topic_count_hidden":0,"_bbp_reply_count_hidden":0,"_bbp_forum_subforum_count":0,"footnotes":""},"categories":[3,2],"tags":[],"class_list":["post-6344","post","type-post","status-publish","format-standard","hentry","category-i4","category-infantil"],"post_mailing_queue_ids":[],"_links":{"self":[{"href":"https:\/\/agora.xtec.cat\/ceip-torre-llauder-mataro\/wp-json\/wp\/v2\/posts\/6344","targetHints":{"allow":["GET"]}}],"collection":[{"href":"https:\/\/agora.xtec.cat\/ceip-torre-llauder-mataro\/wp-json\/wp\/v2\/posts"}],"about":[{"href":"https:\/\/agora.xtec.cat\/ceip-torre-llauder-mataro\/wp-json\/wp\/v2\/types\/post"}],"author":[{"embeddable":true,"href":"https:\/\/agora.xtec.cat\/ceip-torre-llauder-mataro\/wp-json\/wp\/v2\/users\/7"}],"replies":[{"embeddable":true,"href":"https:\/\/agora.xtec.cat\/ceip-torre-llauder-mataro\/wp-json\/wp\/v2\/comments?post=6344"}],"version-history":[{"count":2,"href":"https:\/\/agora.xtec.cat\/ceip-torre-llauder-mataro\/wp-json\/wp\/v2\/posts\/6344\/revisions"}],"predecessor-version":[{"id":6346,"href":"https:\/\/agora.xtec.cat\/ceip-torre-llauder-mataro\/wp-json\/wp\/v2\/posts\/6344\/revisions\/6346"}],"wp:attachment":[{"href":"https:\/\/agora.xtec.cat\/ceip-torre-llauder-mataro\/wp-json\/wp\/v2\/media?parent=6344"}],"wp:term":[{"taxonomy":"category","embeddable":true,"href":"https:\/\/agora.xtec.cat\/ceip-torre-llauder-mataro\/wp-json\/wp\/v2\/categories?post=6344"},{"taxonomy":"post_tag","embeddable":true,"href":"https:\/\/agora.xtec.cat\/ceip-torre-llauder-mataro\/wp-json\/wp\/v2\/tags?post=6344"}],"curies":[{"name":"wp","href":"https:\/\/api.w.org\/{rel}","templated":true}]}}