{"id":6255,"date":"2023-11-19T18:27:19","date_gmt":"2023-11-19T17:27:19","guid":{"rendered":"https:\/\/agora.xtec.cat\/ceip-torre-llauder-mataro\/?p=6255"},"modified":"2023-11-19T18:27:19","modified_gmt":"2023-11-19T17:27:19","slug":"lectoescriptura-i3","status":"publish","type":"post","link":"https:\/\/agora.xtec.cat\/ceip-torre-llauder-mataro\/infantil\/lectoescriptura-i3\/","title":{"rendered":"Lectoescriptura I3"},"content":{"rendered":"<p>Hola fam\u00edlies!! Aqu\u00ed us deixo unes fotos de com treballem al desdoblament de llengua. Fem tra\u00e7 amb activitats variades i amb material divers per no perdre la motivaci\u00f3. Veureu que partim del propi nom (m\u00e0xim inter\u00e9s ara mateix per a ells i elles) per despr\u00e9s anar introduint altre vocabulari que anem treballant a l&#8217;aula. Mireu les fotos!<\/p>\n<p><a href=\"https:\/\/photos.app.goo.gl\/kFTXreTU931biEUU6\">Fotos lecto<\/a><\/p>\n","protected":false},"excerpt":{"rendered":"<p>Hola fam\u00edlies!! Aqu\u00ed us deixo unes fotos de com treballem al desdoblament de llengua. Fem tra\u00e7 amb activitats variades i amb material divers per no perdre la motivaci\u00f3. Veureu que partim del propi nom (m\u00e0xim inter\u00e9s ara mateix per a ells i elles) per despr\u00e9s&hellip;  <a href=\"https:\/\/agora.xtec.cat\/ceip-torre-llauder-mataro\/infantil\/lectoescriptura-i3\/\" title=\"Read Lectoescriptura I3\">Llegeix m\u00e9s\u00bb<\/a><\/p>\n","protected":false},"author":12,"featured_media":0,"comment_status":"open","ping_status":"closed","sticky":false,"template":"","format":"standard","meta":{"_bbp_topic_count":0,"_bbp_reply_count":0,"_bbp_total_topic_count":0,"_bbp_total_reply_count":0,"_bbp_voice_count":0,"_bbp_anonymous_reply_count":0,"_bbp_topic_count_hidden":0,"_bbp_reply_count_hidden":0,"_bbp_forum_subforum_count":0,"footnotes":""},"categories":[83,2],"tags":[],"class_list":["post-6255","post","type-post","status-publish","format-standard","hentry","category-i3","category-infantil"],"post_mailing_queue_ids":[],"_links":{"self":[{"href":"https:\/\/agora.xtec.cat\/ceip-torre-llauder-mataro\/wp-json\/wp\/v2\/posts\/6255","targetHints":{"allow":["GET"]}}],"collection":[{"href":"https:\/\/agora.xtec.cat\/ceip-torre-llauder-mataro\/wp-json\/wp\/v2\/posts"}],"about":[{"href":"https:\/\/agora.xtec.cat\/ceip-torre-llauder-mataro\/wp-json\/wp\/v2\/types\/post"}],"author":[{"embeddable":true,"href":"https:\/\/agora.xtec.cat\/ceip-torre-llauder-mataro\/wp-json\/wp\/v2\/users\/12"}],"replies":[{"embeddable":true,"href":"https:\/\/agora.xtec.cat\/ceip-torre-llauder-mataro\/wp-json\/wp\/v2\/comments?post=6255"}],"version-history":[{"count":1,"href":"https:\/\/agora.xtec.cat\/ceip-torre-llauder-mataro\/wp-json\/wp\/v2\/posts\/6255\/revisions"}],"predecessor-version":[{"id":6256,"href":"https:\/\/agora.xtec.cat\/ceip-torre-llauder-mataro\/wp-json\/wp\/v2\/posts\/6255\/revisions\/6256"}],"wp:attachment":[{"href":"https:\/\/agora.xtec.cat\/ceip-torre-llauder-mataro\/wp-json\/wp\/v2\/media?parent=6255"}],"wp:term":[{"taxonomy":"category","embeddable":true,"href":"https:\/\/agora.xtec.cat\/ceip-torre-llauder-mataro\/wp-json\/wp\/v2\/categories?post=6255"},{"taxonomy":"post_tag","embeddable":true,"href":"https:\/\/agora.xtec.cat\/ceip-torre-llauder-mataro\/wp-json\/wp\/v2\/tags?post=6255"}],"curies":[{"name":"wp","href":"https:\/\/api.w.org\/{rel}","templated":true}]}}