{"id":6226,"date":"2023-11-09T19:44:35","date_gmt":"2023-11-09T18:44:35","guid":{"rendered":"https:\/\/agora.xtec.cat\/ceip-torre-llauder-mataro\/?p=6226"},"modified":"2023-11-09T19:44:35","modified_gmt":"2023-11-09T18:44:35","slug":"desdoblament-de-matematiques-i4-i-i5","status":"publish","type":"post","link":"https:\/\/agora.xtec.cat\/ceip-torre-llauder-mataro\/general\/desdoblament-de-matematiques-i4-i-i5\/","title":{"rendered":"DESDOBLAMENT DE MATEM\u00c0TIQUES I4 i I5"},"content":{"rendered":"<p>A les sessions de desdoblament de mates apropem m\u00faltiples conceptes matem\u00e0tics als nens i nenes de manera vivencial i manipulativa. D&#8217;aquesta manera ens adaptem als diferents interessos i nivells de cada un dels infants.<a href=\"https:\/\/photos.app.goo.gl\/dJ9aeuQPBY4a2oGz7\"><img loading=\"lazy\" decoding=\"async\" class=\"size-full wp-image-6228 aligncenter\" src=\"https:\/\/agora.xtec.cat\/ceip-torre-llauder-mataro\/wp-content\/uploads\/usu1425\/2023\/11\/foto-i4.jpg\" alt=\"\" width=\"253\" height=\"203\" \/><\/a><a href=\"https:\/\/photos.app.goo.gl\/vCU1C1GSScgWx5EY9\"><img loading=\"lazy\" decoding=\"async\" class=\"size-full wp-image-6227 aligncenter\" src=\"https:\/\/agora.xtec.cat\/ceip-torre-llauder-mataro\/wp-content\/uploads\/usu1425\/2023\/11\/foto-i5.jpg\" alt=\"\" width=\"249\" height=\"189\" \/><\/a><\/p>\n<p>&nbsp;<\/p>\n","protected":false},"excerpt":{"rendered":"<p>A les sessions de desdoblament de mates apropem m\u00faltiples conceptes matem\u00e0tics als nens i nenes de manera vivencial i manipulativa. D&#8217;aquesta manera ens adaptem als diferents interessos i nivells de cada un dels infants.<a href=\"https:\/\/photos.app.goo.gl\/dJ9aeuQPBY4a2oGz7\"><\/a><a href=\"https:\/\/photos.app.goo.gl\/vCU1C1GSScgWx5EY9\"><\/a><br \/>\n&nbsp;<\/p>\n","protected":false},"author":21,"featured_media":0,"comment_status":"open","ping_status":"closed","sticky":false,"template":"","format":"standard","meta":{"_bbp_topic_count":0,"_bbp_reply_count":0,"_bbp_total_topic_count":0,"_bbp_total_reply_count":0,"_bbp_voice_count":0,"_bbp_anonymous_reply_count":0,"_bbp_topic_count_hidden":0,"_bbp_reply_count_hidden":0,"_bbp_forum_subforum_count":0,"footnotes":""},"categories":[1,3,8,2],"tags":[],"class_list":["post-6226","post","type-post","status-publish","format-standard","hentry","category-general","category-i4","category-i5","category-infantil"],"post_mailing_queue_ids":[],"_links":{"self":[{"href":"https:\/\/agora.xtec.cat\/ceip-torre-llauder-mataro\/wp-json\/wp\/v2\/posts\/6226","targetHints":{"allow":["GET"]}}],"collection":[{"href":"https:\/\/agora.xtec.cat\/ceip-torre-llauder-mataro\/wp-json\/wp\/v2\/posts"}],"about":[{"href":"https:\/\/agora.xtec.cat\/ceip-torre-llauder-mataro\/wp-json\/wp\/v2\/types\/post"}],"author":[{"embeddable":true,"href":"https:\/\/agora.xtec.cat\/ceip-torre-llauder-mataro\/wp-json\/wp\/v2\/users\/21"}],"replies":[{"embeddable":true,"href":"https:\/\/agora.xtec.cat\/ceip-torre-llauder-mataro\/wp-json\/wp\/v2\/comments?post=6226"}],"version-history":[{"count":3,"href":"https:\/\/agora.xtec.cat\/ceip-torre-llauder-mataro\/wp-json\/wp\/v2\/posts\/6226\/revisions"}],"predecessor-version":[{"id":6231,"href":"https:\/\/agora.xtec.cat\/ceip-torre-llauder-mataro\/wp-json\/wp\/v2\/posts\/6226\/revisions\/6231"}],"wp:attachment":[{"href":"https:\/\/agora.xtec.cat\/ceip-torre-llauder-mataro\/wp-json\/wp\/v2\/media?parent=6226"}],"wp:term":[{"taxonomy":"category","embeddable":true,"href":"https:\/\/agora.xtec.cat\/ceip-torre-llauder-mataro\/wp-json\/wp\/v2\/categories?post=6226"},{"taxonomy":"post_tag","embeddable":true,"href":"https:\/\/agora.xtec.cat\/ceip-torre-llauder-mataro\/wp-json\/wp\/v2\/tags?post=6226"}],"curies":[{"name":"wp","href":"https:\/\/api.w.org\/{rel}","templated":true}]}}