{"id":6212,"date":"2023-11-06T17:47:17","date_gmt":"2023-11-06T16:47:17","guid":{"rendered":"https:\/\/agora.xtec.cat\/ceip-torre-llauder-mataro\/?p=6212"},"modified":"2023-11-06T17:47:17","modified_gmt":"2023-11-06T16:47:17","slug":"tallers-de-plastica-internivells","status":"publish","type":"post","link":"https:\/\/agora.xtec.cat\/ceip-torre-llauder-mataro\/infantil\/tallers-de-plastica-internivells\/","title":{"rendered":"TALLERS DE PL\u00c0STICA INTERNIVELLS"},"content":{"rendered":"<p>Ja fa uns dies que els nens i nenes d&#8217;Educaci\u00f3 Infantil fan pl\u00e0stica en grups barrejats on petits i grans aprenen junts. Les propostes s\u00f3n molt variades i els infants les estan gaudint molt\u00edssim. Durant aquestes setmanes aniran realitzant tots els tallers els dimarts a la tarda. Podeu veure aqu\u00ed les fotos dels T<a href=\"https:\/\/photos.app.goo.gl\/QiasXerJn6oXaeuw9\">ALLERS DE PL\u00c0STICA 1r trimestre<\/a><\/p>\n","protected":false},"excerpt":{"rendered":"<p>Ja fa uns dies que els nens i nenes d&#8217;Educaci\u00f3 Infantil fan pl\u00e0stica en grups barrejats on petits i grans aprenen junts. Les propostes s\u00f3n molt variades i els infants les estan gaudint molt\u00edssim. Durant aquestes setmanes aniran realitzant tots els tallers els dimarts a&hellip;  <a href=\"https:\/\/agora.xtec.cat\/ceip-torre-llauder-mataro\/infantil\/tallers-de-plastica-internivells\/\" title=\"Read TALLERS DE PL\u00c0STICA INTERNIVELLS\">Llegeix m\u00e9s\u00bb<\/a><\/p>\n","protected":false},"author":21,"featured_media":6213,"comment_status":"open","ping_status":"closed","sticky":false,"template":"","format":"standard","meta":{"_bbp_topic_count":0,"_bbp_reply_count":0,"_bbp_total_topic_count":0,"_bbp_total_reply_count":0,"_bbp_voice_count":0,"_bbp_anonymous_reply_count":0,"_bbp_topic_count_hidden":0,"_bbp_reply_count_hidden":0,"_bbp_forum_subforum_count":0,"footnotes":""},"categories":[83,3,8,2],"tags":[],"class_list":["post-6212","post","type-post","status-publish","format-standard","has-post-thumbnail","hentry","category-i3","category-i4","category-i5","category-infantil"],"post_mailing_queue_ids":[],"_links":{"self":[{"href":"https:\/\/agora.xtec.cat\/ceip-torre-llauder-mataro\/wp-json\/wp\/v2\/posts\/6212","targetHints":{"allow":["GET"]}}],"collection":[{"href":"https:\/\/agora.xtec.cat\/ceip-torre-llauder-mataro\/wp-json\/wp\/v2\/posts"}],"about":[{"href":"https:\/\/agora.xtec.cat\/ceip-torre-llauder-mataro\/wp-json\/wp\/v2\/types\/post"}],"author":[{"embeddable":true,"href":"https:\/\/agora.xtec.cat\/ceip-torre-llauder-mataro\/wp-json\/wp\/v2\/users\/21"}],"replies":[{"embeddable":true,"href":"https:\/\/agora.xtec.cat\/ceip-torre-llauder-mataro\/wp-json\/wp\/v2\/comments?post=6212"}],"version-history":[{"count":1,"href":"https:\/\/agora.xtec.cat\/ceip-torre-llauder-mataro\/wp-json\/wp\/v2\/posts\/6212\/revisions"}],"predecessor-version":[{"id":6214,"href":"https:\/\/agora.xtec.cat\/ceip-torre-llauder-mataro\/wp-json\/wp\/v2\/posts\/6212\/revisions\/6214"}],"wp:featuredmedia":[{"embeddable":true,"href":"https:\/\/agora.xtec.cat\/ceip-torre-llauder-mataro\/wp-json\/wp\/v2\/media\/6213"}],"wp:attachment":[{"href":"https:\/\/agora.xtec.cat\/ceip-torre-llauder-mataro\/wp-json\/wp\/v2\/media?parent=6212"}],"wp:term":[{"taxonomy":"category","embeddable":true,"href":"https:\/\/agora.xtec.cat\/ceip-torre-llauder-mataro\/wp-json\/wp\/v2\/categories?post=6212"},{"taxonomy":"post_tag","embeddable":true,"href":"https:\/\/agora.xtec.cat\/ceip-torre-llauder-mataro\/wp-json\/wp\/v2\/tags?post=6212"}],"curies":[{"name":"wp","href":"https:\/\/api.w.org\/{rel}","templated":true}]}}