{"id":6193,"date":"2023-10-30T17:56:28","date_gmt":"2023-10-30T16:56:28","guid":{"rendered":"https:\/\/agora.xtec.cat\/ceip-torre-llauder-mataro\/?p=6193"},"modified":"2023-10-30T18:15:48","modified_gmt":"2023-10-30T17:15:48","slug":"sortida-tardor-ed-infantil","status":"publish","type":"post","link":"https:\/\/agora.xtec.cat\/ceip-torre-llauder-mataro\/general\/sortida-tardor-ed-infantil\/","title":{"rendered":"SORTIDA TARDOR ED INFANTIL"},"content":{"rendered":"<p>Fant\u00e0stic dia a la Granja Can Bordoi!!! Els nens i nenes d&#8217;I3, I4 i I5 han pogut gaudir d&#8217;una visita a la granja amb vistes al Monseny. La pluja ens ha respectat i ens ha deixat veure, tocar i donar de menjar a un munt de vaques, unes gallines, una ovella i una cabreta. Tamb\u00e9 hem vist dos porquets i un poni. Hem tingut la visita de la Castanyera i ens ha torrat unes castanyes bon\u00edssimes que podrem compartir amb les fam\u00edlies. L&#8217;hem ajudat a recollir castanyes, i ens ha ensenyat m\u00e9s fruits de la tardor i tamb\u00e9 a beure aigua en porr\u00f3!! Despr\u00e9s hem ballat i cantat amb ella!! Ah, i a m\u00e9s, a l&#8217;hora de jugar hem pogut experimentar que se sent conduint un tractor. Mireu aqu\u00ed les fotos de la <a href=\"https:\/\/photos.app.goo.gl\/fpPdDNY5EUC2LL6E6\">SORTIDA DE TARDOR A CAN BORDOI<\/a><\/p>\n","protected":false},"excerpt":{"rendered":"<p>Fant\u00e0stic dia a la Granja Can Bordoi!!! Els nens i nenes d&#8217;I3, I4 i I5 han pogut gaudir d&#8217;una visita a la granja amb vistes al Monseny. La pluja ens ha respectat i ens ha deixat veure, tocar i donar de menjar a un munt&hellip;  <a href=\"https:\/\/agora.xtec.cat\/ceip-torre-llauder-mataro\/general\/sortida-tardor-ed-infantil\/\" title=\"Read SORTIDA TARDOR ED INFANTIL\">Llegeix m\u00e9s\u00bb<\/a><\/p>\n","protected":false},"author":21,"featured_media":0,"comment_status":"open","ping_status":"closed","sticky":false,"template":"","format":"standard","meta":{"_bbp_topic_count":0,"_bbp_reply_count":0,"_bbp_total_topic_count":0,"_bbp_total_reply_count":0,"_bbp_voice_count":0,"_bbp_anonymous_reply_count":0,"_bbp_topic_count_hidden":0,"_bbp_reply_count_hidden":0,"_bbp_forum_subforum_count":0,"footnotes":""},"categories":[1,83,3,8,2],"tags":[],"class_list":["post-6193","post","type-post","status-publish","format-standard","hentry","category-general","category-i3","category-i4","category-i5","category-infantil"],"post_mailing_queue_ids":[],"_links":{"self":[{"href":"https:\/\/agora.xtec.cat\/ceip-torre-llauder-mataro\/wp-json\/wp\/v2\/posts\/6193","targetHints":{"allow":["GET"]}}],"collection":[{"href":"https:\/\/agora.xtec.cat\/ceip-torre-llauder-mataro\/wp-json\/wp\/v2\/posts"}],"about":[{"href":"https:\/\/agora.xtec.cat\/ceip-torre-llauder-mataro\/wp-json\/wp\/v2\/types\/post"}],"author":[{"embeddable":true,"href":"https:\/\/agora.xtec.cat\/ceip-torre-llauder-mataro\/wp-json\/wp\/v2\/users\/21"}],"replies":[{"embeddable":true,"href":"https:\/\/agora.xtec.cat\/ceip-torre-llauder-mataro\/wp-json\/wp\/v2\/comments?post=6193"}],"version-history":[{"count":1,"href":"https:\/\/agora.xtec.cat\/ceip-torre-llauder-mataro\/wp-json\/wp\/v2\/posts\/6193\/revisions"}],"predecessor-version":[{"id":6194,"href":"https:\/\/agora.xtec.cat\/ceip-torre-llauder-mataro\/wp-json\/wp\/v2\/posts\/6193\/revisions\/6194"}],"wp:attachment":[{"href":"https:\/\/agora.xtec.cat\/ceip-torre-llauder-mataro\/wp-json\/wp\/v2\/media?parent=6193"}],"wp:term":[{"taxonomy":"category","embeddable":true,"href":"https:\/\/agora.xtec.cat\/ceip-torre-llauder-mataro\/wp-json\/wp\/v2\/categories?post=6193"},{"taxonomy":"post_tag","embeddable":true,"href":"https:\/\/agora.xtec.cat\/ceip-torre-llauder-mataro\/wp-json\/wp\/v2\/tags?post=6193"}],"curies":[{"name":"wp","href":"https:\/\/api.w.org\/{rel}","templated":true}]}}