{"id":6180,"date":"2023-10-03T17:08:22","date_gmt":"2023-10-03T15:08:22","guid":{"rendered":"https:\/\/agora.xtec.cat\/ceip-torre-llauder-mataro\/?p=6180"},"modified":"2023-10-03T17:09:41","modified_gmt":"2023-10-03T15:09:41","slug":"6e-visita-el-museu-dhistoria-de-catalunya","status":"publish","type":"post","link":"https:\/\/agora.xtec.cat\/ceip-torre-llauder-mataro\/general\/6e-visita-el-museu-dhistoria-de-catalunya\/","title":{"rendered":"6\u00e8 VISITA EL MUSEU d&#8217;HIST\u00d2RIA DE CATALUNYA"},"content":{"rendered":"<p>Avui l&#8217;alumnat de 6\u00e8 ha anat fins a Barcelona per a realitzar un taller sobre l&#8217;Edat Mitjana al Museu d&#8217;Hist\u00f2ria de Catalunya.<\/p>\n<p>Hem seguit un recorregut que ens ha oferit una visi\u00f3 de l&#8217;evoluci\u00f3 de Catalunya al llarg de vuit segles d&#8217;hist\u00f2ria, tot centrant-nos en els aspectes socials i la vida quotidiana. Els temes principals de treball s\u00f3n el m\u00f3n andalus\u00ed Al-\u00c0ndalus, els or\u00edgens de Catalunya \u2013els comtats catalans-, la societat medieval, el paper de l\u2019esgl\u00e9sia a l\u2019 alta edat mitjana i el creixement de les ciutats a la baixa edat mitjana.<\/p>\n<p>Despr\u00e9s de la visita hem anat al Parc de la Ciutadella on hem dinat i jugat una bona estona.<\/p>\n<p>Ha estat un dia ben profit\u00f3s.<\/p>\n<p>Cliqueu la imatge per a veure totes les fotografies i v\u00eddeos.<\/p>\n<p><a href=\"https:\/\/photos.app.goo.gl\/HzZWgq82UUwXJykQ8\" target=\"_blank\" rel=\"noopener\"><img loading=\"lazy\" decoding=\"async\" class=\"alignleft wp-image-6181\" src=\"https:\/\/agora.xtec.cat\/ceip-torre-llauder-mataro\/wp-content\/uploads\/usu1425\/2023\/10\/museu.jpeg\" alt=\"\" width=\"321\" height=\"241\" srcset=\"https:\/\/agora.xtec.cat\/ceip-torre-llauder-mataro\/wp-content\/uploads\/usu1425\/2023\/10\/museu.jpeg 912w, https:\/\/agora.xtec.cat\/ceip-torre-llauder-mataro\/wp-content\/uploads\/usu1425\/2023\/10\/museu-300x225.jpeg 300w, https:\/\/agora.xtec.cat\/ceip-torre-llauder-mataro\/wp-content\/uploads\/usu1425\/2023\/10\/museu-768x576.jpeg 768w, https:\/\/agora.xtec.cat\/ceip-torre-llauder-mataro\/wp-content\/uploads\/usu1425\/2023\/10\/museu-200x150.jpeg 200w\" sizes=\"auto, (max-width: 321px) 100vw, 321px\" \/><\/a><\/p>\n<p>&nbsp;<\/p>\n","protected":false},"excerpt":{"rendered":"<p>Avui l&#8217;alumnat de 6\u00e8 ha anat fins a Barcelona per a realitzar un taller sobre l&#8217;Edat Mitjana al Museu d&#8217;Hist\u00f2ria de Catalunya.<br \/>\nHem seguit un recorregut que ens ha oferit una visi\u00f3 de l&#8217;evoluci\u00f3 de Catalunya al llarg de vuit segles d&#8217;hist\u00f2ria, tot centrant-nos en els&hellip;  <a href=\"https:\/\/agora.xtec.cat\/ceip-torre-llauder-mataro\/general\/6e-visita-el-museu-dhistoria-de-catalunya\/\" title=\"Read 6\u00e8 VISITA EL MUSEU d&#8217;HIST\u00d2RIA DE CATALUNYA\">Llegeix m\u00e9s\u00bb<\/a><\/p>\n","protected":false},"author":21,"featured_media":6181,"comment_status":"open","ping_status":"closed","sticky":false,"template":"","format":"standard","meta":{"_bbp_topic_count":0,"_bbp_reply_count":0,"_bbp_total_topic_count":0,"_bbp_total_reply_count":0,"_bbp_voice_count":0,"_bbp_anonymous_reply_count":0,"_bbp_topic_count_hidden":0,"_bbp_reply_count_hidden":0,"_bbp_forum_subforum_count":0,"footnotes":""},"categories":[14,1,4,5],"tags":[141,93,16],"class_list":["post-6180","post","type-post","status-publish","format-standard","has-post-thumbnail","hentry","category-6e","category-general","category-portada","category-primaria","tag-6e","tag-medi-social-i-natural","tag-sortides"],"post_mailing_queue_ids":[],"_links":{"self":[{"href":"https:\/\/agora.xtec.cat\/ceip-torre-llauder-mataro\/wp-json\/wp\/v2\/posts\/6180","targetHints":{"allow":["GET"]}}],"collection":[{"href":"https:\/\/agora.xtec.cat\/ceip-torre-llauder-mataro\/wp-json\/wp\/v2\/posts"}],"about":[{"href":"https:\/\/agora.xtec.cat\/ceip-torre-llauder-mataro\/wp-json\/wp\/v2\/types\/post"}],"author":[{"embeddable":true,"href":"https:\/\/agora.xtec.cat\/ceip-torre-llauder-mataro\/wp-json\/wp\/v2\/users\/21"}],"replies":[{"embeddable":true,"href":"https:\/\/agora.xtec.cat\/ceip-torre-llauder-mataro\/wp-json\/wp\/v2\/comments?post=6180"}],"version-history":[{"count":2,"href":"https:\/\/agora.xtec.cat\/ceip-torre-llauder-mataro\/wp-json\/wp\/v2\/posts\/6180\/revisions"}],"predecessor-version":[{"id":6183,"href":"https:\/\/agora.xtec.cat\/ceip-torre-llauder-mataro\/wp-json\/wp\/v2\/posts\/6180\/revisions\/6183"}],"wp:featuredmedia":[{"embeddable":true,"href":"https:\/\/agora.xtec.cat\/ceip-torre-llauder-mataro\/wp-json\/wp\/v2\/media\/6181"}],"wp:attachment":[{"href":"https:\/\/agora.xtec.cat\/ceip-torre-llauder-mataro\/wp-json\/wp\/v2\/media?parent=6180"}],"wp:term":[{"taxonomy":"category","embeddable":true,"href":"https:\/\/agora.xtec.cat\/ceip-torre-llauder-mataro\/wp-json\/wp\/v2\/categories?post=6180"},{"taxonomy":"post_tag","embeddable":true,"href":"https:\/\/agora.xtec.cat\/ceip-torre-llauder-mataro\/wp-json\/wp\/v2\/tags?post=6180"}],"curies":[{"name":"wp","href":"https:\/\/api.w.org\/{rel}","templated":true}]}}