{"id":6176,"date":"2023-10-02T16:35:27","date_gmt":"2023-10-02T14:35:27","guid":{"rendered":"https:\/\/agora.xtec.cat\/ceip-torre-llauder-mataro\/?p=6176"},"modified":"2023-10-02T16:35:27","modified_gmt":"2023-10-02T14:35:27","slug":"i4-nom-de-la-classe","status":"publish","type":"post","link":"https:\/\/agora.xtec.cat\/ceip-torre-llauder-mataro\/infantil\/i4-nom-de-la-classe\/","title":{"rendered":"I4 Nom de la classe"},"content":{"rendered":"<p>Com ja sabeu, a i4 ja tenim nom&#8230; som la classe dels DIABLES.<\/p>\n<p>Ara ja podem comen\u00e7ar a con\u00e8ixer aquesta comparsa de foc de Matar\u00f3.<\/p>\n<p>Aqu\u00ed us deixem un recull d&#8217;imatges del dia de la tria.<\/p>\n<p><a href=\"https:\/\/photos.app.goo.gl\/tdNfkne2cMdXU2qY7\">Fotos diables<\/a><\/p>\n","protected":false},"excerpt":{"rendered":"<p>Com ja sabeu, a i4 ja tenim nom&#8230; som la classe dels DIABLES.<br \/>\nAra ja podem comen\u00e7ar a con\u00e8ixer aquesta comparsa de foc de Matar\u00f3.<br \/>\nAqu\u00ed us deixem un recull d&#8217;imatges del dia de la tria.<br \/>\n<a href=\"https:\/\/photos.app.goo.gl\/tdNfkne2cMdXU2qY7\">Fotos diables<\/a><\/p>\n","protected":false},"author":7,"featured_media":0,"comment_status":"open","ping_status":"closed","sticky":false,"template":"","format":"standard","meta":{"_bbp_topic_count":0,"_bbp_reply_count":0,"_bbp_total_topic_count":0,"_bbp_total_reply_count":0,"_bbp_voice_count":0,"_bbp_anonymous_reply_count":0,"_bbp_topic_count_hidden":0,"_bbp_reply_count_hidden":0,"_bbp_forum_subforum_count":0,"footnotes":""},"categories":[3,2],"tags":[],"class_list":["post-6176","post","type-post","status-publish","format-standard","hentry","category-i4","category-infantil"],"post_mailing_queue_ids":[],"_links":{"self":[{"href":"https:\/\/agora.xtec.cat\/ceip-torre-llauder-mataro\/wp-json\/wp\/v2\/posts\/6176","targetHints":{"allow":["GET"]}}],"collection":[{"href":"https:\/\/agora.xtec.cat\/ceip-torre-llauder-mataro\/wp-json\/wp\/v2\/posts"}],"about":[{"href":"https:\/\/agora.xtec.cat\/ceip-torre-llauder-mataro\/wp-json\/wp\/v2\/types\/post"}],"author":[{"embeddable":true,"href":"https:\/\/agora.xtec.cat\/ceip-torre-llauder-mataro\/wp-json\/wp\/v2\/users\/7"}],"replies":[{"embeddable":true,"href":"https:\/\/agora.xtec.cat\/ceip-torre-llauder-mataro\/wp-json\/wp\/v2\/comments?post=6176"}],"version-history":[{"count":1,"href":"https:\/\/agora.xtec.cat\/ceip-torre-llauder-mataro\/wp-json\/wp\/v2\/posts\/6176\/revisions"}],"predecessor-version":[{"id":6177,"href":"https:\/\/agora.xtec.cat\/ceip-torre-llauder-mataro\/wp-json\/wp\/v2\/posts\/6176\/revisions\/6177"}],"wp:attachment":[{"href":"https:\/\/agora.xtec.cat\/ceip-torre-llauder-mataro\/wp-json\/wp\/v2\/media?parent=6176"}],"wp:term":[{"taxonomy":"category","embeddable":true,"href":"https:\/\/agora.xtec.cat\/ceip-torre-llauder-mataro\/wp-json\/wp\/v2\/categories?post=6176"},{"taxonomy":"post_tag","embeddable":true,"href":"https:\/\/agora.xtec.cat\/ceip-torre-llauder-mataro\/wp-json\/wp\/v2\/tags?post=6176"}],"curies":[{"name":"wp","href":"https:\/\/api.w.org\/{rel}","templated":true}]}}