{"id":6171,"date":"2023-09-30T09:45:54","date_gmt":"2023-09-30T07:45:54","guid":{"rendered":"https:\/\/agora.xtec.cat\/ceip-torre-llauder-mataro\/?p=6171"},"modified":"2023-09-30T09:45:54","modified_gmt":"2023-09-30T07:45:54","slug":"iniciem-els-racons-a-i5","status":"publish","type":"post","link":"https:\/\/agora.xtec.cat\/ceip-torre-llauder-mataro\/infantil\/iniciem-els-racons-a-i5\/","title":{"rendered":"Iniciem els racons a I5"},"content":{"rendered":"<p style=\"text-align: left;\">Hola fam\u00edlies,<\/p>\n<p>Aqu\u00ed teniu un tastet dels diferents racons que hem anat fent al llarg d&#8217;aquest mes. Com podeu veure, tenim un munt de racons: el de matem\u00e0tiques, el de desciberta, el de llengua, el d&#8217;experimentaci\u00f3, l&#8217;art\u00edstic, el tecnol\u00f2gic, el de construccions, el de tra\u00e7, el de joc de taula&#8230;etc<\/p>\n<p><a href=\"https:\/\/photos.app.goo.gl\/xeQCybkPyoG33qBAA\">Fotos racons<\/a><\/p>\n","protected":false},"excerpt":{"rendered":"<p>Hola fam\u00edlies,<br \/>\nAqu\u00ed teniu un tastet dels diferents racons que hem anat fent al llarg d&#8217;aquest mes. Com podeu veure, tenim un munt de racons: el de matem\u00e0tiques, el de desciberta, el de llengua, el d&#8217;experimentaci\u00f3, l&#8217;art\u00edstic, el tecnol\u00f2gic, el de construccions, el de tra\u00e7, el&hellip;  <a href=\"https:\/\/agora.xtec.cat\/ceip-torre-llauder-mataro\/infantil\/iniciem-els-racons-a-i5\/\" title=\"Read Iniciem els racons a I5\">Llegeix m\u00e9s\u00bb<\/a><\/p>\n","protected":false},"author":10,"featured_media":0,"comment_status":"open","ping_status":"closed","sticky":false,"template":"","format":"standard","meta":{"_bbp_topic_count":0,"_bbp_reply_count":0,"_bbp_total_topic_count":0,"_bbp_total_reply_count":0,"_bbp_voice_count":0,"_bbp_anonymous_reply_count":0,"_bbp_topic_count_hidden":0,"_bbp_reply_count_hidden":0,"_bbp_forum_subforum_count":0,"footnotes":""},"categories":[8,2],"tags":[],"class_list":["post-6171","post","type-post","status-publish","format-standard","hentry","category-i5","category-infantil"],"post_mailing_queue_ids":[],"_links":{"self":[{"href":"https:\/\/agora.xtec.cat\/ceip-torre-llauder-mataro\/wp-json\/wp\/v2\/posts\/6171","targetHints":{"allow":["GET"]}}],"collection":[{"href":"https:\/\/agora.xtec.cat\/ceip-torre-llauder-mataro\/wp-json\/wp\/v2\/posts"}],"about":[{"href":"https:\/\/agora.xtec.cat\/ceip-torre-llauder-mataro\/wp-json\/wp\/v2\/types\/post"}],"author":[{"embeddable":true,"href":"https:\/\/agora.xtec.cat\/ceip-torre-llauder-mataro\/wp-json\/wp\/v2\/users\/10"}],"replies":[{"embeddable":true,"href":"https:\/\/agora.xtec.cat\/ceip-torre-llauder-mataro\/wp-json\/wp\/v2\/comments?post=6171"}],"version-history":[{"count":1,"href":"https:\/\/agora.xtec.cat\/ceip-torre-llauder-mataro\/wp-json\/wp\/v2\/posts\/6171\/revisions"}],"predecessor-version":[{"id":6172,"href":"https:\/\/agora.xtec.cat\/ceip-torre-llauder-mataro\/wp-json\/wp\/v2\/posts\/6171\/revisions\/6172"}],"wp:attachment":[{"href":"https:\/\/agora.xtec.cat\/ceip-torre-llauder-mataro\/wp-json\/wp\/v2\/media?parent=6171"}],"wp:term":[{"taxonomy":"category","embeddable":true,"href":"https:\/\/agora.xtec.cat\/ceip-torre-llauder-mataro\/wp-json\/wp\/v2\/categories?post=6171"},{"taxonomy":"post_tag","embeddable":true,"href":"https:\/\/agora.xtec.cat\/ceip-torre-llauder-mataro\/wp-json\/wp\/v2\/tags?post=6171"}],"curies":[{"name":"wp","href":"https:\/\/api.w.org\/{rel}","templated":true}]}}