{"id":6142,"date":"2023-09-11T12:25:44","date_gmt":"2023-09-11T10:25:44","guid":{"rendered":"https:\/\/agora.xtec.cat\/ceip-torre-llauder-mataro\/?p=6142"},"modified":"2023-11-01T17:27:10","modified_gmt":"2023-11-01T16:27:10","slug":"solidaritat-amb-el-poble-marroqui","status":"publish","type":"post","link":"https:\/\/agora.xtec.cat\/ceip-torre-llauder-mataro\/general\/solidaritat-amb-el-poble-marroqui\/","title":{"rendered":"Solidaritat amb el poble marroqu\u00ed"},"content":{"rendered":"<p>La comunitat educativa de l&#8217;escola Torre Llauder volem mostrar <strong>el nostre condol i solidaritat al poble marroqu\u00ed<\/strong> i, en especial, a les seves v\u00edctimes i familiars.<\/p>\n<p>Enviem una forta abra\u00e7ada i el nostre <strong>suport a les fam\u00edlies afectades<\/strong> pel devastador terratr\u00e8mol!<\/p>\n<p><img loading=\"lazy\" decoding=\"async\" class=\"alignnone wp-image-6144 size-large\" src=\"https:\/\/agora.xtec.cat\/ceip-torre-llauder-mataro\/wp-content\/uploads\/usu1425\/2023\/09\/Tarjeta-de-Condolencias-por-Fallecimiento-Abuela-con-Fotografias-flores-y-circulos-azul-y-melocoton-Publicacio-dInstagram-1024x1024.png\" alt=\"\" width=\"1024\" height=\"1024\" \/><\/p>\n","protected":false},"excerpt":{"rendered":"<p>La comunitat educativa de l&#8217;escola Torre Llauder volem mostrar el nostre condol i solidaritat al poble marroqu\u00ed i, en especial, a les seves v\u00edctimes i familiars.<br \/>\nEnviem una forta abra\u00e7ada i el nostre suport a les fam\u00edlies afectades pel devastador terratr\u00e8mol!<\/p>\n","protected":false},"author":19,"featured_media":6144,"comment_status":"open","ping_status":"closed","sticky":false,"template":"","format":"standard","meta":{"_bbp_topic_count":0,"_bbp_reply_count":0,"_bbp_total_topic_count":0,"_bbp_total_reply_count":0,"_bbp_voice_count":0,"_bbp_anonymous_reply_count":0,"_bbp_topic_count_hidden":0,"_bbp_reply_count_hidden":0,"_bbp_forum_subforum_count":0,"footnotes":""},"categories":[1,4],"tags":[],"class_list":["post-6142","post","type-post","status-publish","format-standard","has-post-thumbnail","hentry","category-general","category-portada"],"post_mailing_queue_ids":[],"_links":{"self":[{"href":"https:\/\/agora.xtec.cat\/ceip-torre-llauder-mataro\/wp-json\/wp\/v2\/posts\/6142","targetHints":{"allow":["GET"]}}],"collection":[{"href":"https:\/\/agora.xtec.cat\/ceip-torre-llauder-mataro\/wp-json\/wp\/v2\/posts"}],"about":[{"href":"https:\/\/agora.xtec.cat\/ceip-torre-llauder-mataro\/wp-json\/wp\/v2\/types\/post"}],"author":[{"embeddable":true,"href":"https:\/\/agora.xtec.cat\/ceip-torre-llauder-mataro\/wp-json\/wp\/v2\/users\/19"}],"replies":[{"embeddable":true,"href":"https:\/\/agora.xtec.cat\/ceip-torre-llauder-mataro\/wp-json\/wp\/v2\/comments?post=6142"}],"version-history":[{"count":2,"href":"https:\/\/agora.xtec.cat\/ceip-torre-llauder-mataro\/wp-json\/wp\/v2\/posts\/6142\/revisions"}],"predecessor-version":[{"id":6146,"href":"https:\/\/agora.xtec.cat\/ceip-torre-llauder-mataro\/wp-json\/wp\/v2\/posts\/6142\/revisions\/6146"}],"wp:featuredmedia":[{"embeddable":true,"href":"https:\/\/agora.xtec.cat\/ceip-torre-llauder-mataro\/wp-json\/wp\/v2\/media\/6144"}],"wp:attachment":[{"href":"https:\/\/agora.xtec.cat\/ceip-torre-llauder-mataro\/wp-json\/wp\/v2\/media?parent=6142"}],"wp:term":[{"taxonomy":"category","embeddable":true,"href":"https:\/\/agora.xtec.cat\/ceip-torre-llauder-mataro\/wp-json\/wp\/v2\/categories?post=6142"},{"taxonomy":"post_tag","embeddable":true,"href":"https:\/\/agora.xtec.cat\/ceip-torre-llauder-mataro\/wp-json\/wp\/v2\/tags?post=6142"}],"curies":[{"name":"wp","href":"https:\/\/api.w.org\/{rel}","templated":true}]}}